{"id":12468,"date":"2014-02-10T13:30:13","date_gmt":"2014-02-10T13:30:13","guid":{"rendered":"http:\/\/entecultura.com.ar\/usina1\/?p=12468"},"modified":"2014-02-10T13:30:13","modified_gmt":"2014-02-10T13:30:13","slug":"musiquero-2014-la-fiesta-de-san-genaro","status":"publish","type":"post","link":"http:\/\/enteculturalsantafesino.com.ar\/usina1\/2014\/02\/musiquero-2014-la-fiesta-de-san-genaro\/","title":{"rendered":"Musiquero 2014 \u00abLa Fiesta de San Genaro\u00bb"},"content":{"rendered":"<p>Los sangenarinos tuvieron una vez m\u00e1s sus noches de placer cultural, ante un imponente escenario ubicado en el Paseo del Centenario a <a href=\"http:\/\/enteculturalsantafesino.com.ar\/usina1\/wp-content\/uploads\/2014\/02\/1620571_709071022457327_404540327_n.jpg\" rel=\"lightbox[12468]\"><img loading=\"lazy\" decoding=\"async\" class=\"alignright size-medium wp-image-12469\" alt=\"1620571_709071022457327_404540327_n\" src=\"http:\/\/enteculturalsantafesino.com.ar\/usina1\/wp-content\/uploads\/2014\/02\/1620571_709071022457327_404540327_n-300x165.jpg\" width=\"300\" height=\"165\" srcset=\"http:\/\/enteculturalsantafesino.com.ar\/usina1\/wp-content\/uploads\/2014\/02\/1620571_709071022457327_404540327_n-300x165.jpg 300w, http:\/\/enteculturalsantafesino.com.ar\/usina1\/wp-content\/uploads\/2014\/02\/1620571_709071022457327_404540327_n.jpg 720w\" sizes=\"(max-width: 300px) 100vw, 300px\" \/><\/a>la vera del m\u00edtico \u201cLuj\u00e1n I\u00f1iguez\u201d los artistas locales brillaron ante los ojos de su p\u00fablico.<\/p>\n<p>El d\u00eda viernes <em>Gustavo P\u00e9rez<\/em> abri\u00f3 la conducci\u00f3n del <strong>\u201cMusiquero 2014\u201d<\/strong> presentando a una banda debutante, <em>Teo y la Prolija<\/em> luego fue el turno de <em>Matheu Rock<\/em>. La m\u00fasica tropical tambi\u00e9n decor\u00f3 la primer gala de la mano de <em>Los Pibes de Urkiza<\/em>, el estreno exclusivo de <em>Miguel \u201cPollo\u201d Gim\u00e9nez y La Tropicana<\/em> y el cierre a puro ritmo con <em>Sergio \u201cPanchito\u201d L\u00f3pez y los Referentes de la Cumbia.<\/em><\/p>\n<p>La noche del s\u00e1bado cont\u00f3 con la impecable conducci\u00f3n de Luisa Gim\u00e9nez, reconocida locutora de nuestra ciudad, que llev\u00f3 su frescura y capacidad para comunicarse con el p\u00fablico, el cual sobrepaso las expectativas de la organizaci\u00f3n con m\u00e1s de 2000 personas que gozaron y aplaudieron a cada artista que subi\u00f3 al escenario mayor.<a href=\"http:\/\/enteculturalsantafesino.com.ar\/usina1\/wp-content\/uploads\/2014\/02\/1620977_709076169123479_2028878935_n.jpg\" rel=\"lightbox[12468]\"><img loading=\"lazy\" decoding=\"async\" class=\"alignright size-medium wp-image-12470\" alt=\"1620977_709076169123479_2028878935_n\" src=\"http:\/\/enteculturalsantafesino.com.ar\/usina1\/wp-content\/uploads\/2014\/02\/1620977_709076169123479_2028878935_n-300x225.jpg\" width=\"300\" height=\"225\" srcset=\"http:\/\/enteculturalsantafesino.com.ar\/usina1\/wp-content\/uploads\/2014\/02\/1620977_709076169123479_2028878935_n-300x225.jpg 300w, http:\/\/enteculturalsantafesino.com.ar\/usina1\/wp-content\/uploads\/2014\/02\/1620977_709076169123479_2028878935_n.jpg 960w\" sizes=\"(max-width: 300px) 100vw, 300px\" \/><\/a><\/p>\n<p><em>Claudio S\u00e1nchez<\/em> dio el puntapi\u00e9 inicial cantando sus cl\u00e1sicos, luego fue el turno de <em>Priscila Mansilla<\/em>, la voz joven de la ciudad. <em>Lorena Felipelli y Alvaro Salucci<\/em> cautivaron con su obra de Tango. <em>Los hermanos Salvucci<\/em> desplegaron su folclore con invitados de lujo, una de las bandas del momento: <em>Sangre Nueva<\/em>. Sobre el final <em>Mario Alberto Sbrascini<\/em> present\u00f3 su nuevo material discogr\u00e1fico \u201cVestigios de Identidad\u201d y el cierre estuvo a cargo de uno de los m\u00e1ximos exponentes de la m\u00fasica latinoamericana, <strong>V\u00edctor Heredia<\/strong>, m\u00e1s de una hora de show repasando todos sus \u00e9xitos y llev\u00e1ndose la mayor ovaci\u00f3n por parte de los sangenarinos.<\/p>\n<p>Artesanos y emprendedores decoraron el Paseo del Centenario, ofreciendo sus productos a los visitantes, otra fuerte apuesta de la Coordinaci\u00f3n de Producci\u00f3n del municipio que viene trabajando junto a ellos y promete seguir creciendo en este 2014.<a href=\"http:\/\/enteculturalsantafesino.com.ar\/usina1\/wp-content\/uploads\/2014\/02\/1653350_709075855790177_856204049_n.jpg\" rel=\"lightbox[12468]\"><img loading=\"lazy\" decoding=\"async\" class=\"alignright size-medium wp-image-12471\" alt=\"1653350_709075855790177_856204049_n\" src=\"http:\/\/enteculturalsantafesino.com.ar\/usina1\/wp-content\/uploads\/2014\/02\/1653350_709075855790177_856204049_n-300x225.jpg\" width=\"300\" height=\"225\" srcset=\"http:\/\/enteculturalsantafesino.com.ar\/usina1\/wp-content\/uploads\/2014\/02\/1653350_709075855790177_856204049_n-300x225.jpg 300w, http:\/\/enteculturalsantafesino.com.ar\/usina1\/wp-content\/uploads\/2014\/02\/1653350_709075855790177_856204049_n.jpg 960w\" sizes=\"(max-width: 300px) 100vw, 300px\" \/><\/a><\/p>\n<p><em><strong>El Musiquero<\/strong> comenz\u00f3 a convertirse en el Encuentro Cultural de la ciudad y se potencia a\u00f1o tras a\u00f1o, otorgando la oportunidad a los artistas de San Genaro y ofreciendo espect\u00e1culos de primer nivel de forma gratuita gracias al apoyo de la <strong>Secretaria de Cultura de la Naci\u00f3n.<\/strong><\/em><\/p>\n<p>La <strong>Coordinaci\u00f3n de Cultura de la Municipalidad de San Genaro<\/strong> una vez m\u00e1s a la altura de los grandes acontecimientos de la ciudad, una fiesta que avanza, una fiesta que es simplemente de los todos Sangenarinos\u2026.<\/p>\n","protected":false},"excerpt":{"rendered":"<p>Los sangenarinos tuvieron una vez m\u00e1s sus noches de placer cultural, ante un imponente escenario ubicado en [&hellip;]<\/p>\n","protected":false},"author":3,"featured_media":12469,"comment_status":"closed","ping_status":"closed","sticky":false,"template":"","format":"standard","meta":{"_jetpack_memberships_contains_paid_content":false,"footnotes":"","jetpack_publicize_message":"","jetpack_publicize_feature_enabled":true,"jetpack_social_post_already_shared":false,"jetpack_social_options":{"image_generator_settings":{"template":"highway","enabled":false}}},"categories":[28],"tags":[],"jetpack_publicize_connections":[],"jetpack_sharing_enabled":true,"jetpack_featured_media_url":"http:\/\/enteculturalsantafesino.com.ar\/usina1\/wp-content\/uploads\/2014\/02\/1620571_709071022457327_404540327_n.jpg","_links":{"self":[{"href":"http:\/\/enteculturalsantafesino.com.ar\/usina1\/wp-json\/wp\/v2\/posts\/12468"}],"collection":[{"href":"http:\/\/enteculturalsantafesino.com.ar\/usina1\/wp-json\/wp\/v2\/posts"}],"about":[{"href":"http:\/\/enteculturalsantafesino.com.ar\/usina1\/wp-json\/wp\/v2\/types\/post"}],"author":[{"embeddable":true,"href":"http:\/\/enteculturalsantafesino.com.ar\/usina1\/wp-json\/wp\/v2\/users\/3"}],"replies":[{"embeddable":true,"href":"http:\/\/enteculturalsantafesino.com.ar\/usina1\/wp-json\/wp\/v2\/comments?post=12468"}],"version-history":[{"count":0,"href":"http:\/\/enteculturalsantafesino.com.ar\/usina1\/wp-json\/wp\/v2\/posts\/12468\/revisions"}],"wp:featuredmedia":[{"embeddable":true,"href":"http:\/\/enteculturalsantafesino.com.ar\/usina1\/wp-json\/wp\/v2\/media\/12469"}],"wp:attachment":[{"href":"http:\/\/enteculturalsantafesino.com.ar\/usina1\/wp-json\/wp\/v2\/media?parent=12468"}],"wp:term":[{"taxonomy":"category","embeddable":true,"href":"http:\/\/enteculturalsantafesino.com.ar\/usina1\/wp-json\/wp\/v2\/categories?post=12468"},{"taxonomy":"post_tag","embeddable":true,"href":"http:\/\/enteculturalsantafesino.com.ar\/usina1\/wp-json\/wp\/v2\/tags?post=12468"}],"curies":[{"name":"wp","href":"https:\/\/api.w.org\/{rel}","templated":true}]}}