{"id":12484,"date":"2014-02-16T21:40:42","date_gmt":"2014-02-16T21:40:42","guid":{"rendered":"http:\/\/entecultura.com.ar\/usina1\/?p=12484"},"modified":"2014-02-16T21:40:42","modified_gmt":"2014-02-16T21:40:42","slug":"los-carnavales-de-el-trebol-cerraron-a-pura-fiesta-ritmo-y-color","status":"publish","type":"post","link":"http:\/\/enteculturalsantafesino.com.ar\/usina1\/2014\/02\/los-carnavales-de-el-trebol-cerraron-a-pura-fiesta-ritmo-y-color\/","title":{"rendered":"Los Carnavales de El Tr\u00e9bol cerraron a pura fiesta, ritmo y color"},"content":{"rendered":"<p>En la noche de este S\u00e1bado se realiz\u00f3 la segunda noche y cierre de los Carnavales Regionales en nuestra ciudad.<a href=\"http:\/\/enteculturalsantafesino.com.ar\/usina1\/wp-content\/uploads\/2014\/02\/timthumb1.jpg\" rel=\"lightbox[12484]\"><img loading=\"lazy\" decoding=\"async\" class=\"alignright size-full wp-image-12485\" alt=\"timthumb\" src=\"http:\/\/enteculturalsantafesino.com.ar\/usina1\/wp-content\/uploads\/2014\/02\/timthumb1.jpg\" width=\"190\" height=\"160\" \/><\/a><\/p>\n<p>Ante una notable convocatoria de la gente de El Tr\u00e9bol y toda la regi\u00f3n, se le puso el broche a la edici\u00f3n N\u00b0 20 de los corsos locales.<\/p>\n<p>El ritmo, la fiesta y el color fueron los protagonistas principales a lo largo de toda la Av. Independencia.<\/p>\n<p>Luego de la previa que tuvo la notable actuaci\u00f3n de \u201cLa Depresiva Bipolar\u201d y tambi\u00e9n la presentaci\u00f3n de \u201cA puro Chamam\u00e9\u201d, se dio lugar, como cada a\u00f1o, a la apertura oficial de la mano de Ricardo \u201cRichi\u201d Bovina.<\/p>\n<p>Tras eso y con el puntapi\u00e9 de la flamante Reina Regional, Carolina Depetris y sus princesas, acompa\u00f1adas detr\u00e1s por \u201cAh\u00e9 Kumar\u00e9\u201d, comenz\u00f3 el desfile de cada una de las Coparsas que le pusieron todo el ritmo y el color a la velada carnavalesca.<\/p>\n<p>Al finalizar el estupendo show de cada una de ellas, cientos de chicos y grandes se hicieron presentes frente al escenario para disfrutar con la m\u00fasica de \u201cGrupo Play\u201d, que lleg\u00f3 para interpretar las canciones del momento y llevarse la ovaci\u00f3n y el aplauso de toda la multitud.<\/p>\n<p>Posteriormente, lleg\u00f3 el turno de Hugo y su \u201cGrupo Family\u201d, quienes con toda la alegr\u00eda y la magia de tocar ante los suyos, se despidieron con un tributo a Leo Mattioli que hizo cantar y delirar a todos.<\/p>\n<p>Con los intervalos entre banda y banda, la m\u00fasica del DJ y la animaci\u00f3n de Mario Ar\u00e9valos hac\u00edan que la fiesta no pare y que nadie se mueva de la pista.<\/p>\n<p>\u201cAmapola\u201d se present\u00f3 pasadas las 3 hs. y con ese estilo particular s\u00edmil \u201cAgapornis\u201d, cautiv\u00f3 a j\u00f3venes y a otros no tanto que no paraban de aplaudir y corear los temas.<\/p>\n<p>Por \u00faltimo y para ponerle fin a la noche, \u201cPanchito L\u00f3pez y los Referentes de la Cumbia\u201d se adue\u00f1aron del escenario principal y con lo mejor de la Cumbia Santafesina, coronaron el espect\u00e1culo en el cors\u00f3dromo de la Avenida Independencia.<\/p>\n<p>La vig\u00e9sima edici\u00f3n de los Carnavales de El Tr\u00e9bol culmin\u00f3 con todo y vos fuiste parte de eso.<\/p>\n<p>fuente: Radio El Tr\u00e9bol<\/p>\n","protected":false},"excerpt":{"rendered":"<p>En la noche de este S\u00e1bado se realiz\u00f3 la segunda noche y cierre de los Carnavales Regionales [&hellip;]<\/p>\n","protected":false},"author":3,"featured_media":12486,"comment_status":"closed","ping_status":"closed","sticky":false,"template":"","format":"standard","meta":{"_jetpack_memberships_contains_paid_content":false,"footnotes":"","jetpack_publicize_message":"","jetpack_publicize_feature_enabled":true,"jetpack_social_post_already_shared":false,"jetpack_social_options":{"image_generator_settings":{"template":"highway","enabled":false}}},"categories":[18],"tags":[],"jetpack_publicize_connections":[],"jetpack_sharing_enabled":true,"jetpack_featured_media_url":"http:\/\/enteculturalsantafesino.com.ar\/usina1\/wp-content\/uploads\/2014\/02\/timthumb2.jpg","_links":{"self":[{"href":"http:\/\/enteculturalsantafesino.com.ar\/usina1\/wp-json\/wp\/v2\/posts\/12484"}],"collection":[{"href":"http:\/\/enteculturalsantafesino.com.ar\/usina1\/wp-json\/wp\/v2\/posts"}],"about":[{"href":"http:\/\/enteculturalsantafesino.com.ar\/usina1\/wp-json\/wp\/v2\/types\/post"}],"author":[{"embeddable":true,"href":"http:\/\/enteculturalsantafesino.com.ar\/usina1\/wp-json\/wp\/v2\/users\/3"}],"replies":[{"embeddable":true,"href":"http:\/\/enteculturalsantafesino.com.ar\/usina1\/wp-json\/wp\/v2\/comments?post=12484"}],"version-history":[{"count":0,"href":"http:\/\/enteculturalsantafesino.com.ar\/usina1\/wp-json\/wp\/v2\/posts\/12484\/revisions"}],"wp:featuredmedia":[{"embeddable":true,"href":"http:\/\/enteculturalsantafesino.com.ar\/usina1\/wp-json\/wp\/v2\/media\/12486"}],"wp:attachment":[{"href":"http:\/\/enteculturalsantafesino.com.ar\/usina1\/wp-json\/wp\/v2\/media?parent=12484"}],"wp:term":[{"taxonomy":"category","embeddable":true,"href":"http:\/\/enteculturalsantafesino.com.ar\/usina1\/wp-json\/wp\/v2\/categories?post=12484"},{"taxonomy":"post_tag","embeddable":true,"href":"http:\/\/enteculturalsantafesino.com.ar\/usina1\/wp-json\/wp\/v2\/tags?post=12484"}],"curies":[{"name":"wp","href":"https:\/\/api.w.org\/{rel}","templated":true}]}}