{"id":12500,"date":"2014-02-17T14:49:09","date_gmt":"2014-02-17T14:49:09","guid":{"rendered":"http:\/\/entecultura.com.ar\/usina1\/?p=12500"},"modified":"2014-02-17T14:49:09","modified_gmt":"2014-02-17T14:49:09","slug":"programacion-oficial-de-las-tres-lunas-de-canada-de-gomez","status":"publish","type":"post","link":"http:\/\/enteculturalsantafesino.com.ar\/usina1\/2014\/02\/programacion-oficial-de-las-tres-lunas-de-canada-de-gomez\/","title":{"rendered":"Programaci\u00f3n Oficial de \u00abLas Tres Lunas de Ca\u00f1ada de G\u00f3mez\u00bb"},"content":{"rendered":"<p>Fuentes organizadoras del gran festival de Ca\u00f1ada, dieron a conocer la programaci\u00f3n tentativa para esta edici\u00f3n 2014.<a href=\"http:\/\/enteculturalsantafesino.com.ar\/usina1\/wp-content\/uploads\/2014\/02\/1531683_407509192717527_1211907647_n.jpg\" rel=\"lightbox[12500]\"><img loading=\"lazy\" decoding=\"async\" class=\"alignright size-medium wp-image-12501\" alt=\"1531683_407509192717527_1211907647_n\" src=\"http:\/\/enteculturalsantafesino.com.ar\/usina1\/wp-content\/uploads\/2014\/02\/1531683_407509192717527_1211907647_n-212x300.jpg\" width=\"212\" height=\"300\" srcset=\"http:\/\/enteculturalsantafesino.com.ar\/usina1\/wp-content\/uploads\/2014\/02\/1531683_407509192717527_1211907647_n-212x300.jpg 212w, http:\/\/enteculturalsantafesino.com.ar\/usina1\/wp-content\/uploads\/2014\/02\/1531683_407509192717527_1211907647_n.jpg 370w\" sizes=\"(max-width: 212px) 100vw, 212px\" \/><\/a><\/p>\n<p>La misma es:<\/p>\n<p><strong>\u00a0JUEVES 20\/02<\/strong><\/p>\n<p>* \u00c9RICA RAMIREZ (CDA. DE G\u00d3MEZ)<br \/>\n* CARLA OLIVA (CDA. DE G\u00d3MEZ)<br \/>\n* ALDO ZERDA (LAS PAREJAS)<br \/>\n<strong>APERTURA OFICIAL EL CANTO DE LAS TRES LUNAS<\/strong><br \/>\n* PABLO FUNES (CRUZ ALTA)<br \/>\n* BALLET DANZA CON ALMA<br \/>\n* JESUS MONTE Y SU BANDA (CDA. DE G\u00d3MEZ)<br \/>\n* ORQUESTA MUNICIPAL DE TANGO con EZEQUIEL MART\u00c9Z<br \/>\n* LEGUEROS DEL LITORAL<br \/>\n* EMILIANO ZERBINI<br \/>\n* PICHON DE GUARANY (CDA. DE G\u00d3MEZ)<br \/>\n* GRUPO ANCESTRAL (PUEBLO ESTHER)<\/p>\n<p><strong>VIERNES 21\/02<\/strong><\/p>\n<p>* ALBERTO ARROYO (CDA. DE G\u00d3MEZ)<br \/>\n* OMAR MENGHI (CDA. DE G\u00d3MEZ)<br \/>\n* COMPA\u00d1\u00cdA ALMA ARGENTINA<br \/>\n* ALBERTO MERLO (ROSARIO)<br \/>\n<strong> APERTURA OFICIAL EL CANTO DE LAS 3 LUNAS<\/strong><br \/>\n* BALLET CA\u00d1ADA DE G\u00d3MEZ Y ACADEMIA DE DANZAS DEL CLUB SARMIENTO<br \/>\n* ALEJANDRO SALIONE<br \/>\n* CHAMAMECERO TRIO (VICTORIA)<br \/>\n* LOS PIRQUINEROS (CASILDA)<br \/>\n* BALLET DE DANZAS NATIVAS JOSE HERNANDEZ (MONTES DE OCA)<br \/>\n* SON ELLAS<br \/>\n* ADRIAN ABRAMOR (ROSARIO)<br \/>\n* ARICHI (SANTIAGO DEL ESTERO)<\/p>\n<p><strong style=\"line-height: 1.5em;\">S\u00c1BADO 21\/02<\/strong><\/p>\n<p>* LAS HERMANAS ROMALDI (CASILDA)<br \/>\n* BALLET DE DANZAS FOLCL\u00d3RICAS \u00abARRIANDO SUE\u00d1OS\u00bb (ROSARIO)<br \/>\n* GRUPO REENCUENTRO (SAN JORGE)<br \/>\n* BALLET VILLA ALLENDE (C\u00d3RDOBA)<br \/>\n* HUAYRA RUNA (CDA. DE G\u00d3MEZ)<br \/>\nAPERTURA OFICIAL EL CANTO DE LAS TRES LUNAS<br \/>\n* BALLET MI CIUDAD Y EL FOLKLORE (CDA. DE G\u00d3MEZ)<br \/>\n* DUO CARGA PESADA (CDA. DE G\u00d3MEZ)<br \/>\n* BALLET \u00abNUEVO AMANECER\u00bb (CDA. DE G\u00d3MEZ)<br \/>\n* GRUPO INSPIRACI\u00d3N (ARTEAGA)<br \/>\n* LAS NUEVAS VOCES DEL SUR (CDA. DE G\u00d3MEZ)<br \/>\n* LAS VOCES DE GERARDO LOPEZ<br \/>\n* ALBERTO ARGA\u00d1ARAZ (SALTA)<br \/>\n* CRISTIAN G\u00d3MEZ (CASILDA)<\/p>\n<p><strong>\u00a0DOMINGO 23\/02<\/strong><\/p>\n<p>* BRUNO G\u00d3MEZ<br \/>\n* RICHARD PALLAS<br \/>\n* JULIETA MARUCCO<br \/>\n* FRANCO MASSIGNANI<br \/>\nAPERTURA OFICIAL EL CANTO DE LAS TRES LUNAS<\/p>\n<p><em><strong>LOS TEKIS.<\/strong><\/em><\/p>\n","protected":false},"excerpt":{"rendered":"<p>Fuentes organizadoras del gran festival de Ca\u00f1ada, dieron a conocer la programaci\u00f3n tentativa para esta edici\u00f3n 2014. [&hellip;]<\/p>\n","protected":false},"author":3,"featured_media":12501,"comment_status":"closed","ping_status":"closed","sticky":false,"template":"","format":"standard","meta":{"_jetpack_memberships_contains_paid_content":false,"footnotes":"","jetpack_publicize_message":"","jetpack_publicize_feature_enabled":true,"jetpack_social_post_already_shared":false,"jetpack_social_options":{"image_generator_settings":{"template":"highway","enabled":false}}},"categories":[11],"tags":[],"jetpack_publicize_connections":[],"jetpack_sharing_enabled":true,"jetpack_featured_media_url":"http:\/\/enteculturalsantafesino.com.ar\/usina1\/wp-content\/uploads\/2014\/02\/1531683_407509192717527_1211907647_n.jpg","_links":{"self":[{"href":"http:\/\/enteculturalsantafesino.com.ar\/usina1\/wp-json\/wp\/v2\/posts\/12500"}],"collection":[{"href":"http:\/\/enteculturalsantafesino.com.ar\/usina1\/wp-json\/wp\/v2\/posts"}],"about":[{"href":"http:\/\/enteculturalsantafesino.com.ar\/usina1\/wp-json\/wp\/v2\/types\/post"}],"author":[{"embeddable":true,"href":"http:\/\/enteculturalsantafesino.com.ar\/usina1\/wp-json\/wp\/v2\/users\/3"}],"replies":[{"embeddable":true,"href":"http:\/\/enteculturalsantafesino.com.ar\/usina1\/wp-json\/wp\/v2\/comments?post=12500"}],"version-history":[{"count":0,"href":"http:\/\/enteculturalsantafesino.com.ar\/usina1\/wp-json\/wp\/v2\/posts\/12500\/revisions"}],"wp:featuredmedia":[{"embeddable":true,"href":"http:\/\/enteculturalsantafesino.com.ar\/usina1\/wp-json\/wp\/v2\/media\/12501"}],"wp:attachment":[{"href":"http:\/\/enteculturalsantafesino.com.ar\/usina1\/wp-json\/wp\/v2\/media?parent=12500"}],"wp:term":[{"taxonomy":"category","embeddable":true,"href":"http:\/\/enteculturalsantafesino.com.ar\/usina1\/wp-json\/wp\/v2\/categories?post=12500"},{"taxonomy":"post_tag","embeddable":true,"href":"http:\/\/enteculturalsantafesino.com.ar\/usina1\/wp-json\/wp\/v2\/tags?post=12500"}],"curies":[{"name":"wp","href":"https:\/\/api.w.org\/{rel}","templated":true}]}}