{"id":12503,"date":"2014-02-18T11:56:46","date_gmt":"2014-02-18T11:56:46","guid":{"rendered":"http:\/\/entecultura.com.ar\/usina1\/?p=12503"},"modified":"2014-02-18T11:56:46","modified_gmt":"2014-02-18T11:56:46","slug":"tortugas-namaste-rock-fue-todo-un-exito","status":"publish","type":"post","link":"http:\/\/enteculturalsantafesino.com.ar\/usina1\/2014\/02\/tortugas-namaste-rock-fue-todo-un-exito\/","title":{"rendered":"Tortugas: \u00abNamaste Rock\u00bb fue todo un \u00e9xito!"},"content":{"rendered":"<p>La\u00a0<strong>Secretaria de Cultura de Tortugas<\/strong>\u00a0y\u00a0<strong>Los<\/strong>\u00a0<strong>Disc\u00edpulos Rock<\/strong>\u00a0llevaron a cabo durante el \u00faltimo \u00a0<strong>s\u00e1bado 15 de febrero<\/strong>\u00a0 desde las <a href=\"http:\/\/enteculturalsantafesino.com.ar\/usina1\/wp-content\/uploads\/2014\/02\/1898237_271743506318400_1610069508_n.jpg\" rel=\"lightbox[12503]\"><img loading=\"lazy\" decoding=\"async\" class=\"alignright size-medium wp-image-12504\" alt=\"1898237_271743506318400_1610069508_n\" src=\"http:\/\/enteculturalsantafesino.com.ar\/usina1\/wp-content\/uploads\/2014\/02\/1898237_271743506318400_1610069508_n-300x199.jpg\" width=\"300\" height=\"199\" srcset=\"http:\/\/enteculturalsantafesino.com.ar\/usina1\/wp-content\/uploads\/2014\/02\/1898237_271743506318400_1610069508_n-300x199.jpg 300w, http:\/\/enteculturalsantafesino.com.ar\/usina1\/wp-content\/uploads\/2014\/02\/1898237_271743506318400_1610069508_n.jpg 960w\" sizes=\"(max-width: 300px) 100vw, 300px\" \/><\/a>20hs el evento denominado <strong>\u00abNamaste Rock\u00bb<\/strong> \u00a0el cual cont\u00f3 con la presencia de muchos espectadores que llegaban desde varios puntos de la regi\u00f3n a la localidad perteneciente al Depto. Belgrano.<\/p>\n<p>Las instalaciones del\u00a0<strong>Sal\u00f3n de Cultura <\/strong>fueron una fiesta contando con una impecable programaci\u00f3n que trajo propuestas de distintos puntos del pa\u00eds y desde pa\u00edses lim\u00edtrofes entre los que se destacaron: <em><strong>\u00abMate Marqui\u00f1o (Uruguay), Los Grela (Armstrong), Los Pollos de Julio (Tortugas), Bola 8 (Marcos Ju\u00e1rez), La Manija (Marcos Ju\u00e1rez),\u00a0Disc\u00edpulos\u00a0Rock (Tortugas)<\/strong><\/em>\u00a0y la presentaci\u00f3n exclusiva de<em><strong>\u201cLa que Faltaba\u201d<\/strong><\/em>\u00a0con la presencia \u00a0de\u00a0<em><strong>Micky Rodriguez \u00a0(ex bajista de Los Piojos)<\/strong><\/em>.<\/p>\n<p>Felicitaciones a todos los que formaron parte de esta excelente propuesta cultural!<a href=\"http:\/\/enteculturalsantafesino.com.ar\/usina1\/wp-content\/uploads\/2014\/02\/1911679_271743806318370_256924425_n.jpg\" rel=\"lightbox[12503]\"><img loading=\"lazy\" decoding=\"async\" class=\"alignright size-medium wp-image-12505\" alt=\"1911679_271743806318370_256924425_n\" src=\"http:\/\/enteculturalsantafesino.com.ar\/usina1\/wp-content\/uploads\/2014\/02\/1911679_271743806318370_256924425_n-300x199.jpg\" width=\"300\" height=\"199\" srcset=\"http:\/\/enteculturalsantafesino.com.ar\/usina1\/wp-content\/uploads\/2014\/02\/1911679_271743806318370_256924425_n-300x199.jpg 300w, http:\/\/enteculturalsantafesino.com.ar\/usina1\/wp-content\/uploads\/2014\/02\/1911679_271743806318370_256924425_n.jpg 960w\" sizes=\"(max-width: 300px) 100vw, 300px\" \/><\/a><\/p>\n","protected":false},"excerpt":{"rendered":"<p>La\u00a0Secretaria de Cultura de Tortugas\u00a0y\u00a0Los\u00a0Disc\u00edpulos Rock\u00a0llevaron a cabo durante el \u00faltimo \u00a0s\u00e1bado 15 de febrero\u00a0 desde las [&hellip;]<\/p>\n","protected":false},"author":3,"featured_media":12504,"comment_status":"closed","ping_status":"closed","sticky":false,"template":"","format":"standard","meta":{"_jetpack_memberships_contains_paid_content":false,"footnotes":"","jetpack_publicize_message":"","jetpack_publicize_feature_enabled":true,"jetpack_social_post_already_shared":false,"jetpack_social_options":{"image_generator_settings":{"template":"highway","enabled":false}}},"categories":[31],"tags":[],"jetpack_publicize_connections":[],"jetpack_sharing_enabled":true,"jetpack_featured_media_url":"http:\/\/enteculturalsantafesino.com.ar\/usina1\/wp-content\/uploads\/2014\/02\/1898237_271743506318400_1610069508_n.jpg","_links":{"self":[{"href":"http:\/\/enteculturalsantafesino.com.ar\/usina1\/wp-json\/wp\/v2\/posts\/12503"}],"collection":[{"href":"http:\/\/enteculturalsantafesino.com.ar\/usina1\/wp-json\/wp\/v2\/posts"}],"about":[{"href":"http:\/\/enteculturalsantafesino.com.ar\/usina1\/wp-json\/wp\/v2\/types\/post"}],"author":[{"embeddable":true,"href":"http:\/\/enteculturalsantafesino.com.ar\/usina1\/wp-json\/wp\/v2\/users\/3"}],"replies":[{"embeddable":true,"href":"http:\/\/enteculturalsantafesino.com.ar\/usina1\/wp-json\/wp\/v2\/comments?post=12503"}],"version-history":[{"count":0,"href":"http:\/\/enteculturalsantafesino.com.ar\/usina1\/wp-json\/wp\/v2\/posts\/12503\/revisions"}],"wp:featuredmedia":[{"embeddable":true,"href":"http:\/\/enteculturalsantafesino.com.ar\/usina1\/wp-json\/wp\/v2\/media\/12504"}],"wp:attachment":[{"href":"http:\/\/enteculturalsantafesino.com.ar\/usina1\/wp-json\/wp\/v2\/media?parent=12503"}],"wp:term":[{"taxonomy":"category","embeddable":true,"href":"http:\/\/enteculturalsantafesino.com.ar\/usina1\/wp-json\/wp\/v2\/categories?post=12503"},{"taxonomy":"post_tag","embeddable":true,"href":"http:\/\/enteculturalsantafesino.com.ar\/usina1\/wp-json\/wp\/v2\/tags?post=12503"}],"curies":[{"name":"wp","href":"https:\/\/api.w.org\/{rel}","templated":true}]}}