{"id":12513,"date":"2014-02-19T14:19:06","date_gmt":"2014-02-19T14:19:06","guid":{"rendered":"http:\/\/entecultura.com.ar\/usina1\/?p=12513"},"modified":"2014-02-19T16:11:33","modified_gmt":"2014-02-19T16:11:33","slug":"el-ente-cultural-entrego-antologias-al-circulo-de-escritores-sanjorgenses","status":"publish","type":"post","link":"http:\/\/enteculturalsantafesino.com.ar\/usina1\/2014\/02\/el-ente-cultural-entrego-antologias-al-circulo-de-escritores-sanjorgenses\/","title":{"rendered":"El Ente Cultural entreg\u00f3 Antolog\u00edas al Circulo de Escritores Sanjorgenses"},"content":{"rendered":"<p>En la tarde del \u00faltimo <strong>martes 18<\/strong> en las modernas instalaciones del <strong>\u00abLibro Bar\u00bb<\/strong> ubicado en la esquina c\u00e9ntrica de calles Sarmiento y Eva <a href=\"http:\/\/enteculturalsantafesino.com.ar\/usina1\/wp-content\/uploads\/2014\/02\/1959582_599226623495649_426231254_n.jpg\" rel=\"lightbox[12513]\"><img loading=\"lazy\" decoding=\"async\" class=\"alignright size-medium wp-image-12514\" alt=\"1959582_599226623495649_426231254_n\" src=\"http:\/\/enteculturalsantafesino.com.ar\/usina1\/wp-content\/uploads\/2014\/02\/1959582_599226623495649_426231254_n-300x169.jpg\" width=\"300\" height=\"169\" srcset=\"http:\/\/enteculturalsantafesino.com.ar\/usina1\/wp-content\/uploads\/2014\/02\/1959582_599226623495649_426231254_n-300x169.jpg 300w, http:\/\/enteculturalsantafesino.com.ar\/usina1\/wp-content\/uploads\/2014\/02\/1959582_599226623495649_426231254_n.jpg 960w\" sizes=\"(max-width: 300px) 100vw, 300px\" \/><\/a>Per\u00f3n de la localidad de San Jorge, integrantes del <a href=\"http:\/\/www.enteculturalsantafesino.com.ar\">Ente Cultural Santafesino<\/a> entre los que se destacan los <em><strong>Secretarios de Cultura de El Tr\u00e9bol- Prof. Alejandra Vismara, Maria Juana &#8211; Romina Rodriguez Kern, Montes de Oca- Carlos Nicastro y la Coordinadora del Departamento de Literatura\u00a0Catalina\u00a0Serdarevich,<\/strong>\u00a0<\/em>se hicieron presentes para hacer entrega de las <a href=\"http:\/\/www.enteculturalsantafesino.com.ar\/depuebloenpueblo\">Antolog\u00edas \u00abDe Pueblo en Pueblo 2013\u00bb<\/a> \u00a0ya que durante la entrega y el <a href=\"http:\/\/enteculturalsantafesino.com.ar\/usina1\/2013\/12\/la-fiesta-de-los-pueblos-fue-un-abrazo-entre-todos\/\">acto realizado en la ciudad de Santa Fe<\/a> en el mes de diciembre del \u00faltimo a\u00f1o, diversos motivos impidieron la presencia del C\u00edrculo de Escritores.<\/p>\n<p><strong>Stella Zarate-Complejo Cultural Municipal San Jorge:<\/strong> Agradeci\u00f3 la presencia del Ente Cultural Santafesino por seguir <a href=\"http:\/\/enteculturalsantafesino.com.ar\/usina1\/wp-content\/uploads\/2014\/02\/1525467_599226180162360_999316213_n.jpg\" rel=\"lightbox[12513]\"><img loading=\"lazy\" decoding=\"async\" class=\"alignright size-medium wp-image-12515\" alt=\"1525467_599226180162360_999316213_n\" src=\"http:\/\/enteculturalsantafesino.com.ar\/usina1\/wp-content\/uploads\/2014\/02\/1525467_599226180162360_999316213_n-300x225.jpg\" width=\"300\" height=\"225\" srcset=\"http:\/\/enteculturalsantafesino.com.ar\/usina1\/wp-content\/uploads\/2014\/02\/1525467_599226180162360_999316213_n-300x225.jpg 300w, http:\/\/enteculturalsantafesino.com.ar\/usina1\/wp-content\/uploads\/2014\/02\/1525467_599226180162360_999316213_n.jpg 960w\" sizes=\"(max-width: 300px) 100vw, 300px\" \/><\/a>trabajando por la uni\u00f3n de los pueblos y felicit\u00f3 a los escritores locales por sumarse a esta iniciativa que crece en participaci\u00f3n y calidad, comprometi\u00e9ndose a distribuir los ejemplares entregados a las distintas instituciones educativas.<\/p>\n<p><strong>Alejandra Vismara- Presidente del Ente Cultural<\/strong>, destac\u00f3 y record\u00f3 los logros y satisfacciones que dej\u00f3 la <strong>Fiesta de los Pueblos<\/strong>. <em>\u00abMuchas comunidades tomaron conciencia del trabajo y de los objetivos enmarcados por este espacio. Hoy nos encontramos aqu\u00ed para hacer entrega de un trabajo participativo y\u00a0federal\u00a0que cuenta con el apoyo de nuestra <strong>Secretaria de Cultura y de la Diputada\u00a0Nacional Claudia Giaccone<\/strong> que en todo\u00a0momento\u00a0apuestan y apoyan cada iniciativa promovida por el Ente.<\/em><\/p>\n<p>Los escritores que participaron de la Antolog\u00eda <a href=\"http:\/\/www.enteculturalsantafesino.com.ar\/depuebloenpueblo\">\u00abDe Pueblo en Pueblo 2013\u00bb<\/a> son:\u00a0<em><strong>Marta Egu\u00eda, Estela Maris Taboro, Rub\u00e9n Ropolo, Alberto Besso, Leonilda Garofalo.<\/strong><\/em><\/p>\n<p>&nbsp;<\/p>\n<p>&nbsp;<\/p>\n","protected":false},"excerpt":{"rendered":"<p>En la tarde del \u00faltimo martes 18 en las modernas instalaciones del \u00abLibro Bar\u00bb ubicado en la [&hellip;]<\/p>\n","protected":false},"author":3,"featured_media":12514,"comment_status":"closed","ping_status":"closed","sticky":false,"template":"","format":"standard","meta":{"_jetpack_memberships_contains_paid_content":false,"footnotes":"","jetpack_publicize_message":"","jetpack_publicize_feature_enabled":true,"jetpack_social_post_already_shared":false,"jetpack_social_options":{"image_generator_settings":{"template":"highway","enabled":false}}},"categories":[16],"tags":[],"jetpack_publicize_connections":[],"jetpack_sharing_enabled":true,"jetpack_featured_media_url":"http:\/\/enteculturalsantafesino.com.ar\/usina1\/wp-content\/uploads\/2014\/02\/1959582_599226623495649_426231254_n.jpg","_links":{"self":[{"href":"http:\/\/enteculturalsantafesino.com.ar\/usina1\/wp-json\/wp\/v2\/posts\/12513"}],"collection":[{"href":"http:\/\/enteculturalsantafesino.com.ar\/usina1\/wp-json\/wp\/v2\/posts"}],"about":[{"href":"http:\/\/enteculturalsantafesino.com.ar\/usina1\/wp-json\/wp\/v2\/types\/post"}],"author":[{"embeddable":true,"href":"http:\/\/enteculturalsantafesino.com.ar\/usina1\/wp-json\/wp\/v2\/users\/3"}],"replies":[{"embeddable":true,"href":"http:\/\/enteculturalsantafesino.com.ar\/usina1\/wp-json\/wp\/v2\/comments?post=12513"}],"version-history":[{"count":0,"href":"http:\/\/enteculturalsantafesino.com.ar\/usina1\/wp-json\/wp\/v2\/posts\/12513\/revisions"}],"wp:featuredmedia":[{"embeddable":true,"href":"http:\/\/enteculturalsantafesino.com.ar\/usina1\/wp-json\/wp\/v2\/media\/12514"}],"wp:attachment":[{"href":"http:\/\/enteculturalsantafesino.com.ar\/usina1\/wp-json\/wp\/v2\/media?parent=12513"}],"wp:term":[{"taxonomy":"category","embeddable":true,"href":"http:\/\/enteculturalsantafesino.com.ar\/usina1\/wp-json\/wp\/v2\/categories?post=12513"},{"taxonomy":"post_tag","embeddable":true,"href":"http:\/\/enteculturalsantafesino.com.ar\/usina1\/wp-json\/wp\/v2\/tags?post=12513"}],"curies":[{"name":"wp","href":"https:\/\/api.w.org\/{rel}","templated":true}]}}