{"id":12575,"date":"2014-03-04T18:36:22","date_gmt":"2014-03-04T18:36:22","guid":{"rendered":"http:\/\/entecultura.com.ar\/usina1\/?p=12575"},"modified":"2014-03-04T18:36:51","modified_gmt":"2014-03-04T18:36:51","slug":"canada-de-gomez-se-presento-nuevo-equipamiento-del-nac","status":"publish","type":"post","link":"http:\/\/enteculturalsantafesino.com.ar\/usina1\/2014\/03\/canada-de-gomez-se-presento-nuevo-equipamiento-del-nac\/","title":{"rendered":"Ca\u00f1ada de G\u00f3mez: Se present\u00f3 nuevo equipamiento del NAC"},"content":{"rendered":"<p>El mismo permitir\u00e1 realizar video conferencias adem\u00e1s de disponer de nuevos cursos de formaci\u00f3n. La llegada de este equipo fue luego <a href=\"http:\/\/enteculturalsantafesino.com.ar\/usina1\/wp-content\/uploads\/2014\/03\/eee.jpg\" rel=\"lightbox[12575]\"><img loading=\"lazy\" decoding=\"async\" class=\"alignright size-full wp-image-12578\" alt=\"eee\" src=\"http:\/\/enteculturalsantafesino.com.ar\/usina1\/wp-content\/uploads\/2014\/03\/eee.jpg\" width=\"260\" height=\"188\" \/><\/a>de ser distinguida la instituci\u00f3n,\u00a0por las actividades que se realizaron con los adultos mayores<\/p>\n<p>Luego de ser distinguida la instituci\u00f3n\u00a0por el desarrollo de actividades para adultos mayores, el N\u00facleo de Acceso al Conocimiento de nuestra ciudad recibi\u00f3 nuevo equipamiento, que fue presentado por la intendenta Stella Cl\u00e9rici.<\/p>\n<p>El mismo permitir\u00e1 la realizaci\u00f3n de video conferencias y abre las puertas de nuevas alternativas en cursos de formaci\u00f3n. \u201cEste equipamiento es un premio al trabajo intenso que se realiza todos los d\u00edas, con los adultos mayores pero tambi\u00e9n con ni\u00f1os y j\u00f3venes\u201d, manifest\u00f3 la intendenta. \u201cSe podr\u00e1n dar otros cursos, interactuar con profesores y conectarnos con otros NAC\u201d, agreg\u00f3.<\/p>\n<p>Finalmente,\u00a0 la intendenta destac\u00f3 los oficios digitales que est\u00e1n por comenzar en marzo con el inicio del curso de animaci\u00f3n destinado a generar habilidades de animaci\u00f3n digital, incorporando t\u00e9cnicas de dise\u00f1o, fotograf\u00eda, edici\u00f3n de video y animaci\u00f3n 3D. Para el mismo se debe \u00a0ser mayor de 18 a\u00f1os y tener conocimiento en inform\u00e1tica. Contin\u00faa abierta la inscripci\u00f3n en Quintana 46 o al tel\u00e9fono 421920 interno 30.<\/p>\n","protected":false},"excerpt":{"rendered":"<p>El mismo permitir\u00e1 realizar video conferencias adem\u00e1s de disponer de nuevos cursos de formaci\u00f3n. La llegada de [&hellip;]<\/p>\n","protected":false},"author":3,"featured_media":12578,"comment_status":"closed","ping_status":"closed","sticky":false,"template":"","format":"standard","meta":{"_jetpack_memberships_contains_paid_content":false,"footnotes":"","jetpack_publicize_message":"","jetpack_publicize_feature_enabled":true,"jetpack_social_post_already_shared":false,"jetpack_social_options":{"image_generator_settings":{"template":"highway","enabled":false}}},"categories":[11],"tags":[],"jetpack_publicize_connections":[],"jetpack_sharing_enabled":true,"jetpack_featured_media_url":"http:\/\/enteculturalsantafesino.com.ar\/usina1\/wp-content\/uploads\/2014\/03\/eee.jpg","_links":{"self":[{"href":"http:\/\/enteculturalsantafesino.com.ar\/usina1\/wp-json\/wp\/v2\/posts\/12575"}],"collection":[{"href":"http:\/\/enteculturalsantafesino.com.ar\/usina1\/wp-json\/wp\/v2\/posts"}],"about":[{"href":"http:\/\/enteculturalsantafesino.com.ar\/usina1\/wp-json\/wp\/v2\/types\/post"}],"author":[{"embeddable":true,"href":"http:\/\/enteculturalsantafesino.com.ar\/usina1\/wp-json\/wp\/v2\/users\/3"}],"replies":[{"embeddable":true,"href":"http:\/\/enteculturalsantafesino.com.ar\/usina1\/wp-json\/wp\/v2\/comments?post=12575"}],"version-history":[{"count":0,"href":"http:\/\/enteculturalsantafesino.com.ar\/usina1\/wp-json\/wp\/v2\/posts\/12575\/revisions"}],"wp:featuredmedia":[{"embeddable":true,"href":"http:\/\/enteculturalsantafesino.com.ar\/usina1\/wp-json\/wp\/v2\/media\/12578"}],"wp:attachment":[{"href":"http:\/\/enteculturalsantafesino.com.ar\/usina1\/wp-json\/wp\/v2\/media?parent=12575"}],"wp:term":[{"taxonomy":"category","embeddable":true,"href":"http:\/\/enteculturalsantafesino.com.ar\/usina1\/wp-json\/wp\/v2\/categories?post=12575"},{"taxonomy":"post_tag","embeddable":true,"href":"http:\/\/enteculturalsantafesino.com.ar\/usina1\/wp-json\/wp\/v2\/tags?post=12575"}],"curies":[{"name":"wp","href":"https:\/\/api.w.org\/{rel}","templated":true}]}}