{"id":12580,"date":"2014-03-05T15:59:46","date_gmt":"2014-03-05T15:59:46","guid":{"rendered":"http:\/\/entecultura.com.ar\/usina1\/?p=12580"},"modified":"2014-03-05T15:59:46","modified_gmt":"2014-03-05T15:59:46","slug":"san-genaro-cursos-2014","status":"publish","type":"post","link":"http:\/\/enteculturalsantafesino.com.ar\/usina1\/2014\/03\/san-genaro-cursos-2014\/","title":{"rendered":"San Genaro: Cursos 2014"},"content":{"rendered":"<p><em><strong>Danzas \u00c1rabes<\/strong><\/em>: Lunes a Jueves de 18 a 20 hs. Profesora: Laura Colautti.<a href=\"http:\/\/enteculturalsantafesino.com.ar\/usina1\/wp-content\/uploads\/2014\/03\/cursos.jpg\" rel=\"lightbox[12580]\"><img loading=\"lazy\" decoding=\"async\" class=\"alignright size-medium wp-image-12581\" alt=\"cursos\" src=\"http:\/\/enteculturalsantafesino.com.ar\/usina1\/wp-content\/uploads\/2014\/03\/cursos-300x300.jpg\" width=\"300\" height=\"300\" srcset=\"http:\/\/enteculturalsantafesino.com.ar\/usina1\/wp-content\/uploads\/2014\/03\/cursos-300x300.jpg 300w, http:\/\/enteculturalsantafesino.com.ar\/usina1\/wp-content\/uploads\/2014\/03\/cursos-150x150.jpg 150w, http:\/\/enteculturalsantafesino.com.ar\/usina1\/wp-content\/uploads\/2014\/03\/cursos.jpg 550w\" sizes=\"(max-width: 300px) 100vw, 300px\" \/><\/a><\/p>\n<p><em><strong style=\"line-height: 1.5em;\">Artesan\u00edas:<\/strong><\/em><span style=\"line-height: 1.5em;\"> Trencadis: Jueves de 14 a 16 hs.\u00a0<\/span><\/p>\n<p><em><strong> Pintura Decorativa:<\/strong><\/em> Viernes de 14 a 16 hs. Profesora: Mirta G\u00f3mez.<\/p>\n<p><em><strong>Guitarra: <\/strong><\/em>Mi\u00e9rcoles y Jueves de 15 a 21 hs. Prof. Alvaro Salvucci<\/p>\n<p><em><strong>Italiano:<\/strong><\/em> S\u00e1bado de 9:30 a 11:30. Prof. Mariela Feroglio<\/p>\n<p><em><strong>Artes Marciales:<\/strong><\/em> Martes y Jueves de 19 a 21hs. Prof. Javier Serenelli<\/p>\n<p><strong><em>Yoga:<\/em><\/strong> Lunes y Jueves de 7 a 8hs y 15 a 16hs. Prof. M\u00f3nica P\u00e9rez<\/p>\n<p><span style=\"line-height: 1.5em;\"><em><strong>FOLKLORE:<\/strong><\/em> Lunes de 18 a 21 hs. S\u00e1bado 16 a 19 hs. Profesora: Vanesa Su\u00e1rez.<\/span><\/p>\n<p>Comienzan las clases de Folklore como taller para adultos y principiantes Lunes 10 de marzo 18 hs en el sal\u00f3n de la ex penzoil y para ser parte del cuerpo de baile SEMILLAS DE MI TIERRA el d\u00eda s\u00e1bado de 16 a 19 hs los esperamos Profe: Vanesa 03401-15411701<\/p>\n<p><strong>M\u00c1S INFORMES: pueden llamar al tel\u00e9fono 03401 448291 de 8 a 12 hs. o acercarse a Casa de Cultura (ubicada en Paseo del Centenario)<\/strong><\/p>\n<p>&nbsp;<\/p>\n","protected":false},"excerpt":{"rendered":"<p>Danzas \u00c1rabes: Lunes a Jueves de 18 a 20 hs. Profesora: Laura Colautti. Artesan\u00edas: Trencadis: Jueves de [&hellip;]<\/p>\n","protected":false},"author":3,"featured_media":12581,"comment_status":"closed","ping_status":"closed","sticky":false,"template":"","format":"standard","meta":{"_jetpack_memberships_contains_paid_content":false,"footnotes":"","jetpack_publicize_message":"","jetpack_publicize_feature_enabled":true,"jetpack_social_post_already_shared":false,"jetpack_social_options":{"image_generator_settings":{"template":"highway","enabled":false}}},"categories":[28],"tags":[],"jetpack_publicize_connections":[],"jetpack_sharing_enabled":true,"jetpack_featured_media_url":"http:\/\/enteculturalsantafesino.com.ar\/usina1\/wp-content\/uploads\/2014\/03\/cursos.jpg","_links":{"self":[{"href":"http:\/\/enteculturalsantafesino.com.ar\/usina1\/wp-json\/wp\/v2\/posts\/12580"}],"collection":[{"href":"http:\/\/enteculturalsantafesino.com.ar\/usina1\/wp-json\/wp\/v2\/posts"}],"about":[{"href":"http:\/\/enteculturalsantafesino.com.ar\/usina1\/wp-json\/wp\/v2\/types\/post"}],"author":[{"embeddable":true,"href":"http:\/\/enteculturalsantafesino.com.ar\/usina1\/wp-json\/wp\/v2\/users\/3"}],"replies":[{"embeddable":true,"href":"http:\/\/enteculturalsantafesino.com.ar\/usina1\/wp-json\/wp\/v2\/comments?post=12580"}],"version-history":[{"count":0,"href":"http:\/\/enteculturalsantafesino.com.ar\/usina1\/wp-json\/wp\/v2\/posts\/12580\/revisions"}],"wp:featuredmedia":[{"embeddable":true,"href":"http:\/\/enteculturalsantafesino.com.ar\/usina1\/wp-json\/wp\/v2\/media\/12581"}],"wp:attachment":[{"href":"http:\/\/enteculturalsantafesino.com.ar\/usina1\/wp-json\/wp\/v2\/media?parent=12580"}],"wp:term":[{"taxonomy":"category","embeddable":true,"href":"http:\/\/enteculturalsantafesino.com.ar\/usina1\/wp-json\/wp\/v2\/categories?post=12580"},{"taxonomy":"post_tag","embeddable":true,"href":"http:\/\/enteculturalsantafesino.com.ar\/usina1\/wp-json\/wp\/v2\/tags?post=12580"}],"curies":[{"name":"wp","href":"https:\/\/api.w.org\/{rel}","templated":true}]}}