{"id":12583,"date":"2014-03-05T16:07:13","date_gmt":"2014-03-05T16:07:13","guid":{"rendered":"http:\/\/entecultura.com.ar\/usina1\/?p=12583"},"modified":"2014-03-05T16:07:13","modified_gmt":"2014-03-05T16:07:13","slug":"maria-susana-rock-en-el-campo-2014","status":"publish","type":"post","link":"http:\/\/enteculturalsantafesino.com.ar\/usina1\/2014\/03\/maria-susana-rock-en-el-campo-2014\/","title":{"rendered":"Mar\u00eda Susana: Rock en el Campo 2014"},"content":{"rendered":"<p>Se llevar\u00e1 a cabo en Mar\u00eda Susana el pr\u00f3ximo 16 de marzo a partir de las 19hs una nueva edici\u00f3n de ROCK EN EL CAMPO, un festival de banda tradicional en la localidad que desde <a href=\"http:\/\/enteculturalsantafesino.com.ar\/usina1\/wp-content\/uploads\/2014\/03\/1960331_500830550042950_480491348_n.jpg\" rel=\"lightbox[12583]\"><img loading=\"lazy\" decoding=\"async\" class=\"alignright size-full wp-image-12584\" alt=\"1960331_500830550042950_480491348_n\" src=\"http:\/\/enteculturalsantafesino.com.ar\/usina1\/wp-content\/uploads\/2014\/03\/1960331_500830550042950_480491348_n.jpg\" width=\"130\" height=\"178\" \/><\/a>hace un par de a\u00f1os no se realizaba. Las bandas confirmadas son: \u00abLa Reca\u00f1o\u00bb, \u00abDerecho de Piso\u00bb \u00abBandidos Rurales \u00bb y \u00a0\u00abLacuatros de las cuales algunas son de la localidad y otras de la regi\u00f3n. La entrada es libre y gratuita y desde la Comuna local se invita a todos a pasar un domingo con buena m\u00fasica.<\/p>\n","protected":false},"excerpt":{"rendered":"<p>Se llevar\u00e1 a cabo en Mar\u00eda Susana el pr\u00f3ximo 16 de marzo a partir de las 19hs [&hellip;]<\/p>\n","protected":false},"author":3,"featured_media":12584,"comment_status":"closed","ping_status":"closed","sticky":false,"template":"","format":"standard","meta":{"_jetpack_memberships_contains_paid_content":false,"footnotes":"","jetpack_publicize_message":"","jetpack_publicize_feature_enabled":true,"jetpack_social_post_already_shared":false,"jetpack_social_options":{"image_generator_settings":{"template":"highway","enabled":false}}},"categories":[30],"tags":[],"jetpack_publicize_connections":[],"jetpack_sharing_enabled":true,"jetpack_featured_media_url":"http:\/\/enteculturalsantafesino.com.ar\/usina1\/wp-content\/uploads\/2014\/03\/1960331_500830550042950_480491348_n.jpg","_links":{"self":[{"href":"http:\/\/enteculturalsantafesino.com.ar\/usina1\/wp-json\/wp\/v2\/posts\/12583"}],"collection":[{"href":"http:\/\/enteculturalsantafesino.com.ar\/usina1\/wp-json\/wp\/v2\/posts"}],"about":[{"href":"http:\/\/enteculturalsantafesino.com.ar\/usina1\/wp-json\/wp\/v2\/types\/post"}],"author":[{"embeddable":true,"href":"http:\/\/enteculturalsantafesino.com.ar\/usina1\/wp-json\/wp\/v2\/users\/3"}],"replies":[{"embeddable":true,"href":"http:\/\/enteculturalsantafesino.com.ar\/usina1\/wp-json\/wp\/v2\/comments?post=12583"}],"version-history":[{"count":0,"href":"http:\/\/enteculturalsantafesino.com.ar\/usina1\/wp-json\/wp\/v2\/posts\/12583\/revisions"}],"wp:featuredmedia":[{"embeddable":true,"href":"http:\/\/enteculturalsantafesino.com.ar\/usina1\/wp-json\/wp\/v2\/media\/12584"}],"wp:attachment":[{"href":"http:\/\/enteculturalsantafesino.com.ar\/usina1\/wp-json\/wp\/v2\/media?parent=12583"}],"wp:term":[{"taxonomy":"category","embeddable":true,"href":"http:\/\/enteculturalsantafesino.com.ar\/usina1\/wp-json\/wp\/v2\/categories?post=12583"},{"taxonomy":"post_tag","embeddable":true,"href":"http:\/\/enteculturalsantafesino.com.ar\/usina1\/wp-json\/wp\/v2\/tags?post=12583"}],"curies":[{"name":"wp","href":"https:\/\/api.w.org\/{rel}","templated":true}]}}