{"id":12592,"date":"2014-03-08T20:35:12","date_gmt":"2014-03-08T20:35:12","guid":{"rendered":"http:\/\/entecultura.com.ar\/usina1\/?p=12592"},"modified":"2014-03-08T20:35:56","modified_gmt":"2014-03-08T20:35:56","slug":"8-de-marzo-dia-internacional-de-la-mujer","status":"publish","type":"post","link":"http:\/\/enteculturalsantafesino.com.ar\/usina1\/2014\/03\/8-de-marzo-dia-internacional-de-la-mujer\/","title":{"rendered":"8 de Marzo: Dia Internacional de la Mujer"},"content":{"rendered":"<p><span style=\"line-height: 1.5em;\">El 8 de Marzo de 1908, 40.000 costureras industriales de grandes factor\u00edas se declararon en huelga demandando el derecho de unirse a los <a href=\"http:\/\/enteculturalsantafesino.com.ar\/usina1\/wp-content\/uploads\/2014\/03\/1780897_10152230038903476_181933270_n.jpg\" rel=\"lightbox[12592]\"><img loading=\"lazy\" decoding=\"async\" class=\"alignright size-medium wp-image-12593\" alt=\"1780897_10152230038903476_181933270_n\" src=\"http:\/\/enteculturalsantafesino.com.ar\/usina1\/wp-content\/uploads\/2014\/03\/1780897_10152230038903476_181933270_n-300x224.jpg\" width=\"300\" height=\"224\" srcset=\"http:\/\/enteculturalsantafesino.com.ar\/usina1\/wp-content\/uploads\/2014\/03\/1780897_10152230038903476_181933270_n-300x224.jpg 300w, http:\/\/enteculturalsantafesino.com.ar\/usina1\/wp-content\/uploads\/2014\/03\/1780897_10152230038903476_181933270_n.jpg 526w\" sizes=\"(max-width: 300px) 100vw, 300px\" \/><\/a>sindicatos por mejores salarios, una jornada de trabajo menos larga, entrenamiento vocacional y el rechazo al trabajo infantil.<\/span><\/p>\n<p>Durante esa huelga, 129 trabajadoras murieron quemadas en un incendio en la f\u00e1brica Cotton Textile Factory, en Washington Square, Nueva York. Los due\u00f1os de la f\u00e1brica hab\u00edan encerrado a las trabajadoras para forzarlas a permanecer en el trabajo y no unirse a la huelga.<\/p>\n<p>En 1910, durante la Segunda Conferencia Internacional de Mujeres Trabajadoras celebrada en Copenhague, Dinamarca, m\u00e1s de 100 mujeres aprobaron declarar el 8 de marzo como D\u00eda Internacional de la Mujer Trabajadora, actualmente D\u00eda Internacional de la Mujer<\/p>\n","protected":false},"excerpt":{"rendered":"<p>El 8 de Marzo de 1908, 40.000 costureras industriales de grandes factor\u00edas se declararon en huelga demandando [&hellip;]<\/p>\n","protected":false},"author":3,"featured_media":12593,"comment_status":"closed","ping_status":"closed","sticky":false,"template":"","format":"standard","meta":{"_jetpack_memberships_contains_paid_content":false,"footnotes":"","jetpack_publicize_message":"","jetpack_publicize_feature_enabled":true,"jetpack_social_post_already_shared":false,"jetpack_social_options":{"image_generator_settings":{"template":"highway","enabled":false}}},"categories":[1],"tags":[],"jetpack_publicize_connections":[],"jetpack_sharing_enabled":true,"jetpack_featured_media_url":"http:\/\/enteculturalsantafesino.com.ar\/usina1\/wp-content\/uploads\/2014\/03\/1780897_10152230038903476_181933270_n.jpg","_links":{"self":[{"href":"http:\/\/enteculturalsantafesino.com.ar\/usina1\/wp-json\/wp\/v2\/posts\/12592"}],"collection":[{"href":"http:\/\/enteculturalsantafesino.com.ar\/usina1\/wp-json\/wp\/v2\/posts"}],"about":[{"href":"http:\/\/enteculturalsantafesino.com.ar\/usina1\/wp-json\/wp\/v2\/types\/post"}],"author":[{"embeddable":true,"href":"http:\/\/enteculturalsantafesino.com.ar\/usina1\/wp-json\/wp\/v2\/users\/3"}],"replies":[{"embeddable":true,"href":"http:\/\/enteculturalsantafesino.com.ar\/usina1\/wp-json\/wp\/v2\/comments?post=12592"}],"version-history":[{"count":0,"href":"http:\/\/enteculturalsantafesino.com.ar\/usina1\/wp-json\/wp\/v2\/posts\/12592\/revisions"}],"wp:featuredmedia":[{"embeddable":true,"href":"http:\/\/enteculturalsantafesino.com.ar\/usina1\/wp-json\/wp\/v2\/media\/12593"}],"wp:attachment":[{"href":"http:\/\/enteculturalsantafesino.com.ar\/usina1\/wp-json\/wp\/v2\/media?parent=12592"}],"wp:term":[{"taxonomy":"category","embeddable":true,"href":"http:\/\/enteculturalsantafesino.com.ar\/usina1\/wp-json\/wp\/v2\/categories?post=12592"},{"taxonomy":"post_tag","embeddable":true,"href":"http:\/\/enteculturalsantafesino.com.ar\/usina1\/wp-json\/wp\/v2\/tags?post=12592"}],"curies":[{"name":"wp","href":"https:\/\/api.w.org\/{rel}","templated":true}]}}