{"id":12599,"date":"2014-03-10T13:16:30","date_gmt":"2014-03-10T13:16:30","guid":{"rendered":"http:\/\/entecultura.com.ar\/usina1\/?p=12599"},"modified":"2014-03-10T13:16:30","modified_gmt":"2014-03-10T13:16:30","slug":"san-genaro-homenaje-a-las-mujeres-en-su-dia","status":"publish","type":"post","link":"http:\/\/enteculturalsantafesino.com.ar\/usina1\/2014\/03\/san-genaro-homenaje-a-las-mujeres-en-su-dia\/","title":{"rendered":"San Genaro: Homenaje a las Mujeres en su d\u00eda"},"content":{"rendered":"<p>Desde el Municipio de San Genaro se viene trabajando en forma continua y sistem\u00e1tica en pol\u00edticas sociales inclusivas, con perspectiva de <a href=\"http:\/\/enteculturalsantafesino.com.ar\/usina1\/wp-content\/uploads\/2014\/03\/1381257_10203400039471926_1134563691_n.jpg\" rel=\"lightbox[12599]\"><img loading=\"lazy\" decoding=\"async\" class=\"alignright size-medium wp-image-12600\" alt=\"1381257_10203400039471926_1134563691_n\" src=\"http:\/\/enteculturalsantafesino.com.ar\/usina1\/wp-content\/uploads\/2014\/03\/1381257_10203400039471926_1134563691_n-300x240.jpg\" width=\"300\" height=\"240\" srcset=\"http:\/\/enteculturalsantafesino.com.ar\/usina1\/wp-content\/uploads\/2014\/03\/1381257_10203400039471926_1134563691_n-300x240.jpg 300w, http:\/\/enteculturalsantafesino.com.ar\/usina1\/wp-content\/uploads\/2014\/03\/1381257_10203400039471926_1134563691_n.jpg 960w\" sizes=\"(max-width: 300px) 100vw, 300px\" \/><\/a>g\u00e9nero; resaltando los derechos de la mujer en salud sexual y violencia dom\u00e9stica principalmente.<\/p>\n<p>Despu\u00e9s de disfrutar una gran noche con las actuaciones de Sebasti\u00e1n Alder y Sergio L\u00f3pez \u00a0se inst\u00f3 a las mujeres sangenarinas a seguir desarroll\u00e1ndose en el plano personal, profesional, materno, social-p\u00fablico como \u201cciudadanas de derecho\u201d; sabiendo que pueden contar con el apoyo de un Estado Municipal que decide involucrarse activamente en el tema.<\/p>\n","protected":false},"excerpt":{"rendered":"<p>Desde el Municipio de San Genaro se viene trabajando en forma continua y sistem\u00e1tica en pol\u00edticas sociales [&hellip;]<\/p>\n","protected":false},"author":3,"featured_media":12600,"comment_status":"closed","ping_status":"closed","sticky":false,"template":"","format":"standard","meta":{"_jetpack_memberships_contains_paid_content":false,"footnotes":"","jetpack_publicize_message":"","jetpack_publicize_feature_enabled":true,"jetpack_social_post_already_shared":false,"jetpack_social_options":{"image_generator_settings":{"template":"highway","enabled":false}}},"categories":[28],"tags":[],"jetpack_publicize_connections":[],"jetpack_sharing_enabled":true,"jetpack_featured_media_url":"http:\/\/enteculturalsantafesino.com.ar\/usina1\/wp-content\/uploads\/2014\/03\/1381257_10203400039471926_1134563691_n.jpg","_links":{"self":[{"href":"http:\/\/enteculturalsantafesino.com.ar\/usina1\/wp-json\/wp\/v2\/posts\/12599"}],"collection":[{"href":"http:\/\/enteculturalsantafesino.com.ar\/usina1\/wp-json\/wp\/v2\/posts"}],"about":[{"href":"http:\/\/enteculturalsantafesino.com.ar\/usina1\/wp-json\/wp\/v2\/types\/post"}],"author":[{"embeddable":true,"href":"http:\/\/enteculturalsantafesino.com.ar\/usina1\/wp-json\/wp\/v2\/users\/3"}],"replies":[{"embeddable":true,"href":"http:\/\/enteculturalsantafesino.com.ar\/usina1\/wp-json\/wp\/v2\/comments?post=12599"}],"version-history":[{"count":0,"href":"http:\/\/enteculturalsantafesino.com.ar\/usina1\/wp-json\/wp\/v2\/posts\/12599\/revisions"}],"wp:featuredmedia":[{"embeddable":true,"href":"http:\/\/enteculturalsantafesino.com.ar\/usina1\/wp-json\/wp\/v2\/media\/12600"}],"wp:attachment":[{"href":"http:\/\/enteculturalsantafesino.com.ar\/usina1\/wp-json\/wp\/v2\/media?parent=12599"}],"wp:term":[{"taxonomy":"category","embeddable":true,"href":"http:\/\/enteculturalsantafesino.com.ar\/usina1\/wp-json\/wp\/v2\/categories?post=12599"},{"taxonomy":"post_tag","embeddable":true,"href":"http:\/\/enteculturalsantafesino.com.ar\/usina1\/wp-json\/wp\/v2\/tags?post=12599"}],"curies":[{"name":"wp","href":"https:\/\/api.w.org\/{rel}","templated":true}]}}