{"id":12602,"date":"2014-03-10T13:22:48","date_gmt":"2014-03-10T13:22:48","guid":{"rendered":"http:\/\/entecultura.com.ar\/usina1\/?p=12602"},"modified":"2014-03-10T13:22:48","modified_gmt":"2014-03-10T13:22:48","slug":"canada-de-gomez-comenzo-el-mes-de-la-mujer","status":"publish","type":"post","link":"http:\/\/enteculturalsantafesino.com.ar\/usina1\/2014\/03\/canada-de-gomez-comenzo-el-mes-de-la-mujer\/","title":{"rendered":"Ca\u00f1ada de G\u00f3mez: Comenz\u00f3 el \u00abMes de la Mujer\u00bb"},"content":{"rendered":"<p>Cientos de mujeres se dieron cita en el Centro de la Juventud para disfrutar de una tarde con diversas propuestas art\u00edsticas y de<a href=\"http:\/\/enteculturalsantafesino.com.ar\/usina1\/wp-content\/uploads\/2014\/03\/1779272_658800397512092_643600838_n.jpg\" rel=\"lightbox[12602]\"><img loading=\"lazy\" decoding=\"async\" class=\"alignright size-medium wp-image-12603\" alt=\"1779272_658800397512092_643600838_n\" src=\"http:\/\/enteculturalsantafesino.com.ar\/usina1\/wp-content\/uploads\/2014\/03\/1779272_658800397512092_643600838_n-300x200.jpg\" width=\"300\" height=\"200\" srcset=\"http:\/\/enteculturalsantafesino.com.ar\/usina1\/wp-content\/uploads\/2014\/03\/1779272_658800397512092_643600838_n-300x200.jpg 300w, http:\/\/enteculturalsantafesino.com.ar\/usina1\/wp-content\/uploads\/2014\/03\/1779272_658800397512092_643600838_n.jpg 525w\" sizes=\"(max-width: 300px) 100vw, 300px\" \/><\/a><\/p>\n<p>esparcimiento. Es la primera actividad que el municipio realiza bajo la consiga \u201cMes de la Mujer con Gesti\u00f3n Cl\u00e9rici\u201d, que incluye un ciclo de cine homenaje, el concierto de Anibal Berraute y un show humor\u00edstico.<\/p>\n<p>Un Centro de la Juventud con actividades recreativas y de esparcimiento, fue el escenario especialmente dise\u00f1ado donde la intendenta Stella Cl\u00e9rici junto a su equipo de colaboradoras recibi\u00f3 a las mujeres ca\u00f1adenses para que celebren su d\u00eda. Es la primera de una serie de actividades alusivas que se extender\u00e1n durante todo el mes, entre ellas la actuaci\u00f3n de Anibal Berraute, un ciclo de cine tem\u00e1tico en Casa del Bicentenario y un show humor\u00edstico.<\/p>\n<p>Al promediar la tarde el lugar abri\u00f3 sus puertas y las mujeres de inmediato se apropiaron de los distintos espacios gratuitos. Muchas posaron para la talentosa fot\u00f3grafa ca\u00f1adense Fernanda Quir\u00f3z con sus beb\u00e9s, amigos o pareja y as\u00ed obtuvieron una fotograf\u00eda art\u00edstica que el municipio les obsequi\u00f3. Otras se detuvieron en el sector de maquillaje social comandado por Noelia Sciangula, otra joven profesional de la ciudad. Tambi\u00e9n estuvieron quienes se interesaron en la propuesta educativa de FUDECA. Nadie qued\u00f3 sin degustar las exquisiteces dispuestas en el Kiosco Saludable y la variedad propuesta por el bar a cargo del Centro de Capacitaci\u00f3n Laboral San Roque.<\/p>\n<p>En simult\u00e1neo una distendida clase abierta de ritmos dictada por la profesora Melina Santini hizo mover a muchas de las mujeres <a href=\"http:\/\/enteculturalsantafesino.com.ar\/usina1\/wp-content\/uploads\/2014\/03\/1903022_658800130845452_1737033377_n.jpg\" rel=\"lightbox[12602]\"><img loading=\"lazy\" decoding=\"async\" class=\"alignright size-full wp-image-12604\" alt=\"1903022_658800130845452_1737033377_n\" src=\"http:\/\/enteculturalsantafesino.com.ar\/usina1\/wp-content\/uploads\/2014\/03\/1903022_658800130845452_1737033377_n.jpg\" width=\"296\" height=\"197\" \/><\/a>presentes y luego sus alumnas adultas cerraron la intervenci\u00f3n con una serie de coreograf\u00edas. A continuaci\u00f3n tuvo lugar el segmento de relajaci\u00f3n con una clase de Yoga a cargo de Dana Palmieri. La responsable de cerrar el evento fue la artista Julieta Marucco, quien interpret\u00f3 con su habitual calidez, temas alusivos.<\/p>\n<p>La intendenta Stella Cl\u00e9rici, junto a Carina Mozzoni y Marcelo Casalegno entreg\u00f3 presentes a las distintas profesionales que participaron a trav\u00e9s de las numerosas propuestas y agradecieron la predisposici\u00f3n para regalarles a las mujeres ca\u00f1adenses en su d\u00eda esta jornada de recreaci\u00f3n y esparcimiento.<\/p>\n","protected":false},"excerpt":{"rendered":"<p>Cientos de mujeres se dieron cita en el Centro de la Juventud para disfrutar de una tarde [&hellip;]<\/p>\n","protected":false},"author":3,"featured_media":12604,"comment_status":"closed","ping_status":"closed","sticky":false,"template":"","format":"standard","meta":{"_jetpack_memberships_contains_paid_content":false,"footnotes":"","jetpack_publicize_message":"","jetpack_publicize_feature_enabled":true,"jetpack_social_post_already_shared":false,"jetpack_social_options":{"image_generator_settings":{"template":"highway","enabled":false}}},"categories":[11],"tags":[],"jetpack_publicize_connections":[],"jetpack_sharing_enabled":true,"jetpack_featured_media_url":"http:\/\/enteculturalsantafesino.com.ar\/usina1\/wp-content\/uploads\/2014\/03\/1903022_658800130845452_1737033377_n.jpg","_links":{"self":[{"href":"http:\/\/enteculturalsantafesino.com.ar\/usina1\/wp-json\/wp\/v2\/posts\/12602"}],"collection":[{"href":"http:\/\/enteculturalsantafesino.com.ar\/usina1\/wp-json\/wp\/v2\/posts"}],"about":[{"href":"http:\/\/enteculturalsantafesino.com.ar\/usina1\/wp-json\/wp\/v2\/types\/post"}],"author":[{"embeddable":true,"href":"http:\/\/enteculturalsantafesino.com.ar\/usina1\/wp-json\/wp\/v2\/users\/3"}],"replies":[{"embeddable":true,"href":"http:\/\/enteculturalsantafesino.com.ar\/usina1\/wp-json\/wp\/v2\/comments?post=12602"}],"version-history":[{"count":0,"href":"http:\/\/enteculturalsantafesino.com.ar\/usina1\/wp-json\/wp\/v2\/posts\/12602\/revisions"}],"wp:featuredmedia":[{"embeddable":true,"href":"http:\/\/enteculturalsantafesino.com.ar\/usina1\/wp-json\/wp\/v2\/media\/12604"}],"wp:attachment":[{"href":"http:\/\/enteculturalsantafesino.com.ar\/usina1\/wp-json\/wp\/v2\/media?parent=12602"}],"wp:term":[{"taxonomy":"category","embeddable":true,"href":"http:\/\/enteculturalsantafesino.com.ar\/usina1\/wp-json\/wp\/v2\/categories?post=12602"},{"taxonomy":"post_tag","embeddable":true,"href":"http:\/\/enteculturalsantafesino.com.ar\/usina1\/wp-json\/wp\/v2\/tags?post=12602"}],"curies":[{"name":"wp","href":"https:\/\/api.w.org\/{rel}","templated":true}]}}