{"id":12606,"date":"2014-03-10T16:40:13","date_gmt":"2014-03-10T16:40:13","guid":{"rendered":"http:\/\/entecultura.com.ar\/usina1\/?p=12606"},"modified":"2014-03-10T16:40:13","modified_gmt":"2014-03-10T16:40:13","slug":"maria-susana-anuncian-la-apertura-de-cursos-y-talleres-2014","status":"publish","type":"post","link":"http:\/\/enteculturalsantafesino.com.ar\/usina1\/2014\/03\/maria-susana-anuncian-la-apertura-de-cursos-y-talleres-2014\/","title":{"rendered":"Mar\u00eda Susana: Anuncian la Apertura de Cursos y Talleres 2014"},"content":{"rendered":"<p>La Secretar\u00eda de Cultura de la Comuna de Mar\u00eda Susana puso a disposici\u00f3n de los interesados la inscripci\u00f3n a cursos y talleres que se <a href=\"http:\/\/enteculturalsantafesino.com.ar\/usina1\/wp-content\/uploads\/2012\/05\/maria-susana.jpg\" rel=\"lightbox[12606]\"><img loading=\"lazy\" decoding=\"async\" class=\"alignright size-medium wp-image-3303\" alt=\"maria susana\" src=\"http:\/\/enteculturalsantafesino.com.ar\/usina1\/wp-content\/uploads\/2012\/05\/maria-susana-300x251.jpg\" width=\"300\" height=\"251\" srcset=\"http:\/\/enteculturalsantafesino.com.ar\/usina1\/wp-content\/uploads\/2012\/05\/maria-susana-300x251.jpg 300w, http:\/\/enteculturalsantafesino.com.ar\/usina1\/wp-content\/uploads\/2012\/05\/maria-susana.jpg 407w\" sizes=\"(max-width: 300px) 100vw, 300px\" \/><\/a>dictar\u00e1n en las instalaciones de la casa del cambista. Como cada a\u00f1o la secretar\u00eda a cargo de Leonardo Carroza ofrece un abanico de posibilidades para que los pobladores de nuestra localidad puedan capacitarse o desarrollar diversas actividades.<\/p>\n<p>Por el momento, con el transcurso de los d\u00edas se anunciar\u00e1n otras, las actividades en las que se pueden inscribir son:<br \/>\nDanzas folkl\u00f3ricas<br \/>\nTaller de costura<br \/>\nTaller de tejido al crochet y dos agujas<br \/>\nCurso de Italiano en dos niveles, avanzado y principiantes<\/p>\n<p>Las inscripciones pueden realizarse personalmente en la casa del cambista o bien al tel\u00e9fono 466990 de lunes a viernes de 8 a 12 horas.<\/p>\n","protected":false},"excerpt":{"rendered":"<p>La Secretar\u00eda de Cultura de la Comuna de Mar\u00eda Susana puso a disposici\u00f3n de los interesados la [&hellip;]<\/p>\n","protected":false},"author":3,"featured_media":3303,"comment_status":"closed","ping_status":"closed","sticky":false,"template":"","format":"standard","meta":{"_jetpack_memberships_contains_paid_content":false,"footnotes":"","jetpack_publicize_message":"","jetpack_publicize_feature_enabled":true,"jetpack_social_post_already_shared":false,"jetpack_social_options":{"image_generator_settings":{"template":"highway","enabled":false}}},"categories":[30],"tags":[],"jetpack_publicize_connections":[],"jetpack_sharing_enabled":true,"jetpack_featured_media_url":"http:\/\/enteculturalsantafesino.com.ar\/usina1\/wp-content\/uploads\/2012\/05\/maria-susana.jpg","_links":{"self":[{"href":"http:\/\/enteculturalsantafesino.com.ar\/usina1\/wp-json\/wp\/v2\/posts\/12606"}],"collection":[{"href":"http:\/\/enteculturalsantafesino.com.ar\/usina1\/wp-json\/wp\/v2\/posts"}],"about":[{"href":"http:\/\/enteculturalsantafesino.com.ar\/usina1\/wp-json\/wp\/v2\/types\/post"}],"author":[{"embeddable":true,"href":"http:\/\/enteculturalsantafesino.com.ar\/usina1\/wp-json\/wp\/v2\/users\/3"}],"replies":[{"embeddable":true,"href":"http:\/\/enteculturalsantafesino.com.ar\/usina1\/wp-json\/wp\/v2\/comments?post=12606"}],"version-history":[{"count":0,"href":"http:\/\/enteculturalsantafesino.com.ar\/usina1\/wp-json\/wp\/v2\/posts\/12606\/revisions"}],"wp:featuredmedia":[{"embeddable":true,"href":"http:\/\/enteculturalsantafesino.com.ar\/usina1\/wp-json\/wp\/v2\/media\/3303"}],"wp:attachment":[{"href":"http:\/\/enteculturalsantafesino.com.ar\/usina1\/wp-json\/wp\/v2\/media?parent=12606"}],"wp:term":[{"taxonomy":"category","embeddable":true,"href":"http:\/\/enteculturalsantafesino.com.ar\/usina1\/wp-json\/wp\/v2\/categories?post=12606"},{"taxonomy":"post_tag","embeddable":true,"href":"http:\/\/enteculturalsantafesino.com.ar\/usina1\/wp-json\/wp\/v2\/tags?post=12606"}],"curies":[{"name":"wp","href":"https:\/\/api.w.org\/{rel}","templated":true}]}}