{"id":12608,"date":"2014-03-11T14:58:14","date_gmt":"2014-03-11T14:58:14","guid":{"rendered":"http:\/\/entecultura.com.ar\/usina1\/?p=12608"},"modified":"2014-03-11T14:58:14","modified_gmt":"2014-03-11T14:58:14","slug":"maria-susana-se-inaugura-la-muestra-del-traje-tradicional-universal","status":"publish","type":"post","link":"http:\/\/enteculturalsantafesino.com.ar\/usina1\/2014\/03\/maria-susana-se-inaugura-la-muestra-del-traje-tradicional-universal\/","title":{"rendered":"Mar\u00eda Susana: Se inaugura la \u00abMuestra del Traje Tradicional Universal\u00bb"},"content":{"rendered":"<p>La Secretar\u00eda de Cultura de la Comuna de Mar\u00eda Susana junto al concejo Internacional de Organizaciones de Festivales Folkl\u00f3ricos <a href=\"http:\/\/enteculturalsantafesino.com.ar\/usina1\/wp-content\/uploads\/2014\/03\/559925_502725409853464_2819519_n.jpg\" rel=\"lightbox[12608]\"><img loading=\"lazy\" decoding=\"async\" class=\"alignright size-medium wp-image-12609\" alt=\"559925_502725409853464_2819519_n\" src=\"http:\/\/enteculturalsantafesino.com.ar\/usina1\/wp-content\/uploads\/2014\/03\/559925_502725409853464_2819519_n-300x261.jpg\" width=\"300\" height=\"261\" srcset=\"http:\/\/enteculturalsantafesino.com.ar\/usina1\/wp-content\/uploads\/2014\/03\/559925_502725409853464_2819519_n-300x261.jpg 300w, http:\/\/enteculturalsantafesino.com.ar\/usina1\/wp-content\/uploads\/2014\/03\/559925_502725409853464_2819519_n.jpg 526w\" sizes=\"(max-width: 300px) 100vw, 300px\" \/><\/a>presentan: \u00abLa muestra del traje tradicional universal\u00bb en el Centro cultural de la estaci\u00f3n.<\/p>\n<p>La misma estar\u00e1 abierta al p\u00fablico desde hoy a las 10:30 horas por espacio de una semana y en la misma se podr\u00e1n observar:<br \/>\n<em>Trajes en maniqu\u00edes tama\u00f1o natural y escala<\/em><\/p>\n<p><em>Prendas de trajes tradicionales<\/em><\/p>\n<p><em>Complementos e implementos de trajes tradicionales<\/em><\/p>\n<p><em>Cofres con tierra de diferentes pa\u00edses del mundo<\/em><\/p>\n<p><em>Mapas y afiches ilustrativos<\/em><\/p>\n","protected":false},"excerpt":{"rendered":"<p>La Secretar\u00eda de Cultura de la Comuna de Mar\u00eda Susana junto al concejo Internacional de Organizaciones de [&hellip;]<\/p>\n","protected":false},"author":3,"featured_media":12609,"comment_status":"closed","ping_status":"closed","sticky":false,"template":"","format":"standard","meta":{"_jetpack_memberships_contains_paid_content":false,"footnotes":"","jetpack_publicize_message":"","jetpack_publicize_feature_enabled":true,"jetpack_social_post_already_shared":false,"jetpack_social_options":{"image_generator_settings":{"template":"highway","enabled":false}}},"categories":[30],"tags":[],"jetpack_publicize_connections":[],"jetpack_sharing_enabled":true,"jetpack_featured_media_url":"http:\/\/enteculturalsantafesino.com.ar\/usina1\/wp-content\/uploads\/2014\/03\/559925_502725409853464_2819519_n.jpg","_links":{"self":[{"href":"http:\/\/enteculturalsantafesino.com.ar\/usina1\/wp-json\/wp\/v2\/posts\/12608"}],"collection":[{"href":"http:\/\/enteculturalsantafesino.com.ar\/usina1\/wp-json\/wp\/v2\/posts"}],"about":[{"href":"http:\/\/enteculturalsantafesino.com.ar\/usina1\/wp-json\/wp\/v2\/types\/post"}],"author":[{"embeddable":true,"href":"http:\/\/enteculturalsantafesino.com.ar\/usina1\/wp-json\/wp\/v2\/users\/3"}],"replies":[{"embeddable":true,"href":"http:\/\/enteculturalsantafesino.com.ar\/usina1\/wp-json\/wp\/v2\/comments?post=12608"}],"version-history":[{"count":0,"href":"http:\/\/enteculturalsantafesino.com.ar\/usina1\/wp-json\/wp\/v2\/posts\/12608\/revisions"}],"wp:featuredmedia":[{"embeddable":true,"href":"http:\/\/enteculturalsantafesino.com.ar\/usina1\/wp-json\/wp\/v2\/media\/12609"}],"wp:attachment":[{"href":"http:\/\/enteculturalsantafesino.com.ar\/usina1\/wp-json\/wp\/v2\/media?parent=12608"}],"wp:term":[{"taxonomy":"category","embeddable":true,"href":"http:\/\/enteculturalsantafesino.com.ar\/usina1\/wp-json\/wp\/v2\/categories?post=12608"},{"taxonomy":"post_tag","embeddable":true,"href":"http:\/\/enteculturalsantafesino.com.ar\/usina1\/wp-json\/wp\/v2\/tags?post=12608"}],"curies":[{"name":"wp","href":"https:\/\/api.w.org\/{rel}","templated":true}]}}