{"id":12611,"date":"2014-03-11T15:50:56","date_gmt":"2014-03-11T15:50:56","guid":{"rendered":"http:\/\/entecultura.com.ar\/usina1\/?p=12611"},"modified":"2014-03-11T15:53:52","modified_gmt":"2014-03-11T15:53:52","slug":"totoras-saca-tarjeta-roja-al-maltratador","status":"publish","type":"post","link":"http:\/\/enteculturalsantafesino.com.ar\/usina1\/2014\/03\/totoras-saca-tarjeta-roja-al-maltratador\/","title":{"rendered":"Totoras: \u00abSac\u00e1 Tarjeta Roja al Maltratador\u00bb"},"content":{"rendered":"<p>Con esta consigna, ayer se llev\u00f3 a cabo la presentaci\u00f3n formal de la Campa\u00f1a sobre Violencia de G\u00e9nero en el Mes de la Mujer.<a href=\"http:\/\/enteculturalsantafesino.com.ar\/usina1\/wp-content\/uploads\/2014\/03\/7556_498703916900841_1513316144_n.jpg\" rel=\"lightbox[12611]\"><img loading=\"lazy\" decoding=\"async\" class=\"alignright size-medium wp-image-12612\" alt=\"7556_498703916900841_1513316144_n\" src=\"http:\/\/enteculturalsantafesino.com.ar\/usina1\/wp-content\/uploads\/2014\/03\/7556_498703916900841_1513316144_n-212x300.jpg\" width=\"212\" height=\"300\" srcset=\"http:\/\/enteculturalsantafesino.com.ar\/usina1\/wp-content\/uploads\/2014\/03\/7556_498703916900841_1513316144_n-212x300.jpg 212w, http:\/\/enteculturalsantafesino.com.ar\/usina1\/wp-content\/uploads\/2014\/03\/7556_498703916900841_1513316144_n.jpg 679w\" sizes=\"(max-width: 212px) 100vw, 212px\" \/><\/a><\/p>\n<p>La iniciativa es impulsada por el Programa Permanente de Educaci\u00f3n para la Salud, a cargo de Erica Giai Merlera, en conjunto con las \u00e1reas que trabajan la problem\u00e1tica.<\/p>\n<p>Del encuentro participaron representantes y autoridades de los distintos sectores que abordan la tem\u00e1tica; e instituciones y comercios interesados en acompa\u00f1ar la campa\u00f1a colgando los afiches y repartiendo folletos.<br \/>\nLa producci\u00f3n de la gr\u00e1fica cont\u00f3 con la participaci\u00f3n de integrantes del Taller Municipal de Teatro, con fotograf\u00eda de Sebasti\u00e1n R\u00edos y dise\u00f1o de Cristian Michelli.<br \/>\nLa leyenda \u00abSi conoc\u00e9s o sos v\u00edctima de violencia, no est\u00e1s sola\u00bb invita a las interesadas a concurrir a los centros de atenci\u00f3n en la ciudad: Juzgado Comunitario de Peque\u00f1as Causas, Defensor\u00eda del Pueblo (Centro de atenci\u00f3n a la v\u00edctima), y Coordinaci\u00f3n de Servicios Sociales (Municipalidad de Totoras).<\/p>\n","protected":false},"excerpt":{"rendered":"<p>Con esta consigna, ayer se llev\u00f3 a cabo la presentaci\u00f3n formal de la Campa\u00f1a sobre Violencia de [&hellip;]<\/p>\n","protected":false},"author":3,"featured_media":12613,"comment_status":"closed","ping_status":"closed","sticky":false,"template":"","format":"standard","meta":{"_jetpack_memberships_contains_paid_content":false,"footnotes":"","jetpack_publicize_message":"","jetpack_publicize_feature_enabled":true,"jetpack_social_post_already_shared":false,"jetpack_social_options":{"image_generator_settings":{"template":"highway","enabled":false}}},"categories":[27],"tags":[],"jetpack_publicize_connections":[],"jetpack_sharing_enabled":true,"jetpack_featured_media_url":"http:\/\/enteculturalsantafesino.com.ar\/usina1\/wp-content\/uploads\/2014\/03\/1922525_498703996900833_1996098538_n.jpg","_links":{"self":[{"href":"http:\/\/enteculturalsantafesino.com.ar\/usina1\/wp-json\/wp\/v2\/posts\/12611"}],"collection":[{"href":"http:\/\/enteculturalsantafesino.com.ar\/usina1\/wp-json\/wp\/v2\/posts"}],"about":[{"href":"http:\/\/enteculturalsantafesino.com.ar\/usina1\/wp-json\/wp\/v2\/types\/post"}],"author":[{"embeddable":true,"href":"http:\/\/enteculturalsantafesino.com.ar\/usina1\/wp-json\/wp\/v2\/users\/3"}],"replies":[{"embeddable":true,"href":"http:\/\/enteculturalsantafesino.com.ar\/usina1\/wp-json\/wp\/v2\/comments?post=12611"}],"version-history":[{"count":0,"href":"http:\/\/enteculturalsantafesino.com.ar\/usina1\/wp-json\/wp\/v2\/posts\/12611\/revisions"}],"wp:featuredmedia":[{"embeddable":true,"href":"http:\/\/enteculturalsantafesino.com.ar\/usina1\/wp-json\/wp\/v2\/media\/12613"}],"wp:attachment":[{"href":"http:\/\/enteculturalsantafesino.com.ar\/usina1\/wp-json\/wp\/v2\/media?parent=12611"}],"wp:term":[{"taxonomy":"category","embeddable":true,"href":"http:\/\/enteculturalsantafesino.com.ar\/usina1\/wp-json\/wp\/v2\/categories?post=12611"},{"taxonomy":"post_tag","embeddable":true,"href":"http:\/\/enteculturalsantafesino.com.ar\/usina1\/wp-json\/wp\/v2\/tags?post=12611"}],"curies":[{"name":"wp","href":"https:\/\/api.w.org\/{rel}","templated":true}]}}