{"id":12615,"date":"2014-03-11T16:07:36","date_gmt":"2014-03-11T16:07:36","guid":{"rendered":"http:\/\/entecultura.com.ar\/usina1\/?p=12615"},"modified":"2014-03-11T16:07:36","modified_gmt":"2014-03-11T16:07:36","slug":"maria-susana-apertura-de-la-muestra-del-traje-tradicional-universal","status":"publish","type":"post","link":"http:\/\/enteculturalsantafesino.com.ar\/usina1\/2014\/03\/maria-susana-apertura-de-la-muestra-del-traje-tradicional-universal\/","title":{"rendered":"Maria Susana: Apertura de la \u00abMuestra del Traje Tradicional Universal\u00bb"},"content":{"rendered":"<p>Esta ma\u00f1ana se inaugur\u00f3 al muestra en el Museo y Centro Cultural de nuestro pueblo. La misma fue guiada por el Vice Presidente <a href=\"http:\/\/enteculturalsantafesino.com.ar\/usina1\/wp-content\/uploads\/2014\/03\/1966732_503430863116252_1379882278_n.jpg\" rel=\"lightbox[12615]\"><img loading=\"lazy\" decoding=\"async\" class=\"alignright size-medium wp-image-12619\" alt=\"1966732_503430863116252_1379882278_n\" src=\"http:\/\/enteculturalsantafesino.com.ar\/usina1\/wp-content\/uploads\/2014\/03\/1966732_503430863116252_1379882278_n-300x200.jpg\" width=\"300\" height=\"200\" srcset=\"http:\/\/enteculturalsantafesino.com.ar\/usina1\/wp-content\/uploads\/2014\/03\/1966732_503430863116252_1379882278_n-300x200.jpg 300w, http:\/\/enteculturalsantafesino.com.ar\/usina1\/wp-content\/uploads\/2014\/03\/1966732_503430863116252_1379882278_n.jpg 960w\" sizes=\"(max-width: 300px) 100vw, 300px\" \/><\/a>mundial de CIOFF, Hugo Ifran. A la misma asistieron autoridades comunales, docentes de las escuelas y p\u00fablico en general.<\/p>\n<p>La muestra estar\u00e1 abierta durante una semana a partir de hoy 11 de marzo.<\/p>\n<p><em>El <strong>Museo del Traje Tradicional Universal<\/strong>, creado en CIOFF\u00ae Argentina a inspiraci\u00f3n del Prof. Alcides Hugo Ifr\u00e1n, constituye un patrimonio cultural de innegables posibilidades para acceder al conocimiento de distintos aspectos de la Cultura Tradicional y Popular de diversos pa\u00edses de los seis sectores continentales del CIOFF\u00ae.<\/em><\/p>\n<p><em>\u00a0Al aporte de Delegados al Congreso Mundial realizado en Santa Fe en 1992, se agrega permanentemente el de los grupos participantes<a href=\"http:\/\/enteculturalsantafesino.com.ar\/usina1\/wp-content\/uploads\/2014\/03\/10007442_503430743116264_231357552_n.jpg\" rel=\"lightbox[12615]\"><img loading=\"lazy\" decoding=\"async\" class=\"alignright size-medium wp-image-12620\" alt=\"10007442_503430743116264_231357552_n\" src=\"http:\/\/enteculturalsantafesino.com.ar\/usina1\/wp-content\/uploads\/2014\/03\/10007442_503430743116264_231357552_n-300x200.jpg\" width=\"300\" height=\"200\" srcset=\"http:\/\/enteculturalsantafesino.com.ar\/usina1\/wp-content\/uploads\/2014\/03\/10007442_503430743116264_231357552_n-300x200.jpg 300w, http:\/\/enteculturalsantafesino.com.ar\/usina1\/wp-content\/uploads\/2014\/03\/10007442_503430743116264_231357552_n.jpg 960w\" sizes=\"(max-width: 300px) 100vw, 300px\" \/><\/a> en el Festival Internacional de Folklore de Argentina, y donaciones particulares, que permiten a CIOFF\u00ae Argentina cumplir uno de sus objetivos: contribuir a la salvaguardia, preservaci\u00f3n y difusi\u00f3n de diferentes aspectos del folklore.\u00a0<\/em><\/p>\n<p><em>La exposici\u00f3n del material, integrado por trajes de tama\u00f1o natural y a escala en maniqu\u00edes; accesorios, complemento y prendas de la indumentaria; bibliograf\u00eda literaria, fotogr\u00e1fica y pict\u00f3rica; cofres con tierra; DVD y CD ilustrativos; mapas y fichas ilustrativas, se convierte en un disparador de inter\u00e9s en el p\u00fablico visitante para descubrir otras culturas.\u00a0<\/em><\/p>\n<p><em>La observaci\u00f3n de los trajes tradicionales, permite aclarar su diferencia con el vestido ciudadano com\u00fan; normalmente son peculiares a una zona o lugar determinado del pa\u00eds al que pertenecen, mientras \u00e9ste raramente indica una procedencia y se universaliza.<a href=\"http:\/\/enteculturalsantafesino.com.ar\/usina1\/wp-content\/uploads\/2014\/03\/1546261_503433529782652_196900249_n.jpg\" rel=\"lightbox[12615]\"><img loading=\"lazy\" decoding=\"async\" class=\"alignright size-medium wp-image-12617\" alt=\"1546261_503433529782652_196900249_n\" src=\"http:\/\/enteculturalsantafesino.com.ar\/usina1\/wp-content\/uploads\/2014\/03\/1546261_503433529782652_196900249_n-300x200.jpg\" width=\"300\" height=\"200\" srcset=\"http:\/\/enteculturalsantafesino.com.ar\/usina1\/wp-content\/uploads\/2014\/03\/1546261_503433529782652_196900249_n-300x200.jpg 300w, http:\/\/enteculturalsantafesino.com.ar\/usina1\/wp-content\/uploads\/2014\/03\/1546261_503433529782652_196900249_n.jpg 960w\" sizes=\"(max-width: 300px) 100vw, 300px\" \/><\/a>\u00a0<\/em><\/p>\n<p><em>Su menor exposici\u00f3n a los vaivenes de las modas los hace menos permeables a sus inquietudes, y el \u201cTraje Tradicional\u201d pasa a ser un patrimonio cultural que refleja identidad, y fortalece lazos de pertenencia a una comunidad.\u00a0<\/em><\/p>\n<p><em>Visitas guiadas a estudiantes de diferentes niveles de la educaci\u00f3n, dan al docente un amplio espectro de posibilidades de desarrollo en asignaturas como geograf\u00eda, historia e idioma; ayudan a comprender el mecanismo de las transculturaciones; al reconocimiento de la diversidad cultural; a la valoraci\u00f3n de la creatividad humana; a aceptar la pluriculturalidad; a su derecho de acceso a su propia cultura y al respeto de los usos y costumbres de otros pueblos.\u00a0<\/em><\/p>\n<p><em>El car\u00e1cter de itinerante ha permitido exhibir el Museo en 26 Muestras totales o parciales, llegando a 17 Ciudades o pueblos de 6 provincias argentinas, como as\u00ed tambi\u00e9n al Paraguay a trav\u00e9s de la organizaci\u00f3n conjunta de CIOFF\u00ae Paraguay con la Direcci\u00f3n General de Turismo de la Naci\u00f3n. Entre otros, despu\u00e9s de su inauguraci\u00f3n durante la Asamblea y Congreso Mundial de 1992, se exhibi\u00f3 en la reuni\u00f3n del EXCO mundial en Santa Fe en el 2008.<\/em><\/p>\n","protected":false},"excerpt":{"rendered":"<p>Esta ma\u00f1ana se inaugur\u00f3 al muestra en el Museo y Centro Cultural de nuestro pueblo. La misma [&hellip;]<\/p>\n","protected":false},"author":3,"featured_media":12616,"comment_status":"closed","ping_status":"closed","sticky":false,"template":"","format":"standard","meta":{"_jetpack_memberships_contains_paid_content":false,"footnotes":"","jetpack_publicize_message":"","jetpack_publicize_feature_enabled":true,"jetpack_social_post_already_shared":false,"jetpack_social_options":{"image_generator_settings":{"template":"highway","enabled":false}}},"categories":[30],"tags":[],"jetpack_publicize_connections":[],"jetpack_sharing_enabled":true,"jetpack_featured_media_url":"http:\/\/enteculturalsantafesino.com.ar\/usina1\/wp-content\/uploads\/2014\/03\/1391516_503431156449556_591184023_n.jpg","_links":{"self":[{"href":"http:\/\/enteculturalsantafesino.com.ar\/usina1\/wp-json\/wp\/v2\/posts\/12615"}],"collection":[{"href":"http:\/\/enteculturalsantafesino.com.ar\/usina1\/wp-json\/wp\/v2\/posts"}],"about":[{"href":"http:\/\/enteculturalsantafesino.com.ar\/usina1\/wp-json\/wp\/v2\/types\/post"}],"author":[{"embeddable":true,"href":"http:\/\/enteculturalsantafesino.com.ar\/usina1\/wp-json\/wp\/v2\/users\/3"}],"replies":[{"embeddable":true,"href":"http:\/\/enteculturalsantafesino.com.ar\/usina1\/wp-json\/wp\/v2\/comments?post=12615"}],"version-history":[{"count":0,"href":"http:\/\/enteculturalsantafesino.com.ar\/usina1\/wp-json\/wp\/v2\/posts\/12615\/revisions"}],"wp:featuredmedia":[{"embeddable":true,"href":"http:\/\/enteculturalsantafesino.com.ar\/usina1\/wp-json\/wp\/v2\/media\/12616"}],"wp:attachment":[{"href":"http:\/\/enteculturalsantafesino.com.ar\/usina1\/wp-json\/wp\/v2\/media?parent=12615"}],"wp:term":[{"taxonomy":"category","embeddable":true,"href":"http:\/\/enteculturalsantafesino.com.ar\/usina1\/wp-json\/wp\/v2\/categories?post=12615"},{"taxonomy":"post_tag","embeddable":true,"href":"http:\/\/enteculturalsantafesino.com.ar\/usina1\/wp-json\/wp\/v2\/tags?post=12615"}],"curies":[{"name":"wp","href":"https:\/\/api.w.org\/{rel}","templated":true}]}}