{"id":12623,"date":"2014-03-12T13:20:12","date_gmt":"2014-03-12T13:20:12","guid":{"rendered":"http:\/\/entecultura.com.ar\/usina1\/?p=12623"},"modified":"2014-03-12T13:20:12","modified_gmt":"2014-03-12T13:20:12","slug":"el-trebol-mas-de-120-chicos-ya-se-inscribieron-en-la-escuela-municipal-de-musica","status":"publish","type":"post","link":"http:\/\/enteculturalsantafesino.com.ar\/usina1\/2014\/03\/el-trebol-mas-de-120-chicos-ya-se-inscribieron-en-la-escuela-municipal-de-musica\/","title":{"rendered":"El Tr\u00e9bol: M\u00e1s de 120 chicos ya se inscribieron en la Escuela Municipal de M\u00fasica"},"content":{"rendered":"<p>Desde el 24 de febrero la Escuela Municipal de M\u00fasica comenz\u00f3 con las inscripciones, de lunes a viernes, en el horario de 8:00 a 12:00 y <a href=\"http:\/\/enteculturalsantafesino.com.ar\/usina1\/wp-content\/uploads\/2014\/03\/17.jpg\" rel=\"lightbox[12623]\"><img loading=\"lazy\" decoding=\"async\" class=\"alignright size-medium wp-image-12624\" alt=\"17\" src=\"http:\/\/enteculturalsantafesino.com.ar\/usina1\/wp-content\/uploads\/2014\/03\/17-300x225.jpg\" width=\"300\" height=\"225\" srcset=\"http:\/\/enteculturalsantafesino.com.ar\/usina1\/wp-content\/uploads\/2014\/03\/17-300x225.jpg 300w, http:\/\/enteculturalsantafesino.com.ar\/usina1\/wp-content\/uploads\/2014\/03\/17.jpg 800w\" sizes=\"(max-width: 300px) 100vw, 300px\" \/><\/a>de 16:00 a20:00 horas en el Centro Cultural Cervantes.<\/p>\n<p>En di\u00e1logo con el Prof. Mat\u00edas Taborda nos coment\u00f3: \u201cEstamos en el per\u00edodo de inscripciones, que se extender\u00e1 hasta el 14 de marzo, muy conformes ya que son m\u00e1s de 120 alumnos que se han anotado\u201d<\/p>\n<p>Las clases comenzar\u00e1n el lunes 10 para ni\u00f1os a partir de los 7 a\u00f1os y sin l\u00edmite de edad, donde este a\u00f1o podr\u00e1n tomar clases de bandone\u00f3n, viol\u00edn, viola, guitarra, contrabajo, bajo el\u00e9ctrico, piano, flauta traversa, flauta dulce, tromb\u00f3n, saxo, clarinete y trompeta.<\/p>\n<p>Como docentes est\u00e1n Heriberto Valtorta coordinador y profesor de piano, Jes\u00fas Dom\u00ednguez profesor de flauta traversa , bajo el\u00e9ctrico y contrabajo, Javier Dom\u00ednguez profesor de trompeta, Franco Massignani profesor de viol\u00edn, Osvaldo Tessore profesor de saxo y clarinete y Mat\u00edas Taborda profesor de guitarra.<br \/>\n\u201cLos chicos desde los 13 a\u00f1os son quienes est\u00e1n dentro de la Escuela Municipal y tendr\u00e1n clases semanales de instrumento, de historia de la m\u00fasica y m\u00e1s adelante educaci\u00f3n audioperceptiva\u201d: indic\u00f3 y agreg\u00f3: \u201cDesde los 7 a\u00f1os tenemos a los alumnos de iniciaci\u00f3n que vienen a clases solamente de instrumento\u201d.<\/p>\n<p>\u201cEl mi\u00e9rcoles 5 comenzamos con los ensayos de la orquesta, dado que tenemos un proyecto de trabajo para todo el a\u00f1o, as\u00ed que les pasamos las partituras y comenzamos con el ensayo de la Orquesta Juvenil\u201d: finaliz\u00f3 destacando la satisfacci\u00f3n que siente por el crecimiento de la orquesta, donde para este a\u00f1o tienen pensado realizar actuaciones fuera del Sal\u00f3n Cervantes y tomar ex\u00e1menes con entrega de certificados.<\/p>\n","protected":false},"excerpt":{"rendered":"<p>Desde el 24 de febrero la Escuela Municipal de M\u00fasica comenz\u00f3 con las inscripciones, de lunes a [&hellip;]<\/p>\n","protected":false},"author":3,"featured_media":12624,"comment_status":"closed","ping_status":"closed","sticky":false,"template":"","format":"standard","meta":{"_jetpack_memberships_contains_paid_content":false,"footnotes":"","jetpack_publicize_message":"","jetpack_publicize_feature_enabled":true,"jetpack_social_post_already_shared":false,"jetpack_social_options":{"image_generator_settings":{"template":"highway","enabled":false}}},"categories":[18],"tags":[],"jetpack_publicize_connections":[],"jetpack_sharing_enabled":true,"jetpack_featured_media_url":"http:\/\/enteculturalsantafesino.com.ar\/usina1\/wp-content\/uploads\/2014\/03\/17.jpg","_links":{"self":[{"href":"http:\/\/enteculturalsantafesino.com.ar\/usina1\/wp-json\/wp\/v2\/posts\/12623"}],"collection":[{"href":"http:\/\/enteculturalsantafesino.com.ar\/usina1\/wp-json\/wp\/v2\/posts"}],"about":[{"href":"http:\/\/enteculturalsantafesino.com.ar\/usina1\/wp-json\/wp\/v2\/types\/post"}],"author":[{"embeddable":true,"href":"http:\/\/enteculturalsantafesino.com.ar\/usina1\/wp-json\/wp\/v2\/users\/3"}],"replies":[{"embeddable":true,"href":"http:\/\/enteculturalsantafesino.com.ar\/usina1\/wp-json\/wp\/v2\/comments?post=12623"}],"version-history":[{"count":0,"href":"http:\/\/enteculturalsantafesino.com.ar\/usina1\/wp-json\/wp\/v2\/posts\/12623\/revisions"}],"wp:featuredmedia":[{"embeddable":true,"href":"http:\/\/enteculturalsantafesino.com.ar\/usina1\/wp-json\/wp\/v2\/media\/12624"}],"wp:attachment":[{"href":"http:\/\/enteculturalsantafesino.com.ar\/usina1\/wp-json\/wp\/v2\/media?parent=12623"}],"wp:term":[{"taxonomy":"category","embeddable":true,"href":"http:\/\/enteculturalsantafesino.com.ar\/usina1\/wp-json\/wp\/v2\/categories?post=12623"},{"taxonomy":"post_tag","embeddable":true,"href":"http:\/\/enteculturalsantafesino.com.ar\/usina1\/wp-json\/wp\/v2\/tags?post=12623"}],"curies":[{"name":"wp","href":"https:\/\/api.w.org\/{rel}","templated":true}]}}