{"id":12626,"date":"2014-03-12T13:31:17","date_gmt":"2014-03-12T13:31:17","guid":{"rendered":"http:\/\/entecultura.com.ar\/usina1\/?p=12626"},"modified":"2014-03-12T14:01:15","modified_gmt":"2014-03-12T14:01:15","slug":"tortugas-celebra-sus-144-anieversario","status":"publish","type":"post","link":"http:\/\/enteculturalsantafesino.com.ar\/usina1\/2014\/03\/tortugas-celebra-sus-144-anieversario\/","title":{"rendered":"Tortugas celebra sus 144 Aniversario!"},"content":{"rendered":"<p><strong><em>\u00abLos pueblos que pierden su memoria pierden la llave de su historia. Hay que contarles y recordar a nuestros <a href=\"http:\/\/enteculturalsantafesino.com.ar\/usina1\/wp-content\/uploads\/2014\/03\/1898178_610718849001338_1186505798_n.jpg\" rel=\"lightbox[12626]\"><img loading=\"lazy\" decoding=\"async\" class=\"alignright size-medium wp-image-12627\" alt=\"1898178_610718849001338_1186505798_n\" src=\"http:\/\/enteculturalsantafesino.com.ar\/usina1\/wp-content\/uploads\/2014\/03\/1898178_610718849001338_1186505798_n-300x145.jpg\" width=\"300\" height=\"145\" srcset=\"http:\/\/enteculturalsantafesino.com.ar\/usina1\/wp-content\/uploads\/2014\/03\/1898178_610718849001338_1186505798_n-300x145.jpg 300w, http:\/\/enteculturalsantafesino.com.ar\/usina1\/wp-content\/uploads\/2014\/03\/1898178_610718849001338_1186505798_n.jpg 720w\" sizes=\"(max-width: 300px) 100vw, 300px\" \/><\/a>muertos y entonces s\u00ed que no habr\u00e1 m\u00e1s penas ni olvidos&#8230;\u00bb<\/em><\/strong><\/p>\n<p><b>Tortugas<\/b> es una comuna del departamento Belgrano, provincia de Santa Fe, Argentina. A 235 km de la capital provincial Santa Fe.<\/p>\n<ul>\n<li>1800, \u00abPago del Desmochado\u00bb, donde habitaba el pueblo originario de los Querand\u00edes<\/li>\n<li>1858 una de las tres Postas del camino Rosario a C\u00f3rdoba, estaba en Tortugas, en <i>\u00ab3 de Febrero\u00bb<\/i><\/li>\n<li>1862 se crea el \u00abDistrito Tortugas\u00bb<a href=\"http:\/\/enteculturalsantafesino.com.ar\/usina1\/wp-content\/uploads\/2014\/03\/1966799_468697603261123_709395590_n.jpg\" rel=\"lightbox[12626]\"><img loading=\"lazy\" decoding=\"async\" class=\"alignright size-medium wp-image-12628\" alt=\"1966799_468697603261123_709395590_n\" src=\"http:\/\/enteculturalsantafesino.com.ar\/usina1\/wp-content\/uploads\/2014\/03\/1966799_468697603261123_709395590_n-220x300.jpg\" width=\"220\" height=\"300\" srcset=\"http:\/\/enteculturalsantafesino.com.ar\/usina1\/wp-content\/uploads\/2014\/03\/1966799_468697603261123_709395590_n-220x300.jpg 220w, http:\/\/enteculturalsantafesino.com.ar\/usina1\/wp-content\/uploads\/2014\/03\/1966799_468697603261123_709395590_n.jpg 296w\" sizes=\"(max-width: 220px) 100vw, 220px\" \/><\/a><\/li>\n<li>1867 se delimita el distrito<\/li>\n<li>12 de marzo de 1870, con el FFCC Rosario a C\u00f3rdoba nace la colonia de Tortugas (decreto del 8 de setiembre de 1870<\/li>\n<\/ul>\n<p>A la zona llegan colonos de Piamonte y de Lombard\u00eda, Italia<\/p>\n<p><strong>Feliz Cumplea\u00f1os Tortugas!<\/strong><\/p>\n<p>&nbsp;<\/p>\n","protected":false},"excerpt":{"rendered":"<p>\u00abLos pueblos que pierden su memoria pierden la llave de su historia. Hay que contarles y recordar [&hellip;]<\/p>\n","protected":false},"author":3,"featured_media":12627,"comment_status":"closed","ping_status":"closed","sticky":false,"template":"","format":"standard","meta":{"_jetpack_memberships_contains_paid_content":false,"footnotes":"","jetpack_publicize_message":"","jetpack_publicize_feature_enabled":true,"jetpack_social_post_already_shared":false,"jetpack_social_options":{"image_generator_settings":{"template":"highway","enabled":false}}},"categories":[31],"tags":[],"jetpack_publicize_connections":[],"jetpack_sharing_enabled":true,"jetpack_featured_media_url":"http:\/\/enteculturalsantafesino.com.ar\/usina1\/wp-content\/uploads\/2014\/03\/1898178_610718849001338_1186505798_n.jpg","_links":{"self":[{"href":"http:\/\/enteculturalsantafesino.com.ar\/usina1\/wp-json\/wp\/v2\/posts\/12626"}],"collection":[{"href":"http:\/\/enteculturalsantafesino.com.ar\/usina1\/wp-json\/wp\/v2\/posts"}],"about":[{"href":"http:\/\/enteculturalsantafesino.com.ar\/usina1\/wp-json\/wp\/v2\/types\/post"}],"author":[{"embeddable":true,"href":"http:\/\/enteculturalsantafesino.com.ar\/usina1\/wp-json\/wp\/v2\/users\/3"}],"replies":[{"embeddable":true,"href":"http:\/\/enteculturalsantafesino.com.ar\/usina1\/wp-json\/wp\/v2\/comments?post=12626"}],"version-history":[{"count":0,"href":"http:\/\/enteculturalsantafesino.com.ar\/usina1\/wp-json\/wp\/v2\/posts\/12626\/revisions"}],"wp:featuredmedia":[{"embeddable":true,"href":"http:\/\/enteculturalsantafesino.com.ar\/usina1\/wp-json\/wp\/v2\/media\/12627"}],"wp:attachment":[{"href":"http:\/\/enteculturalsantafesino.com.ar\/usina1\/wp-json\/wp\/v2\/media?parent=12626"}],"wp:term":[{"taxonomy":"category","embeddable":true,"href":"http:\/\/enteculturalsantafesino.com.ar\/usina1\/wp-json\/wp\/v2\/categories?post=12626"},{"taxonomy":"post_tag","embeddable":true,"href":"http:\/\/enteculturalsantafesino.com.ar\/usina1\/wp-json\/wp\/v2\/tags?post=12626"}],"curies":[{"name":"wp","href":"https:\/\/api.w.org\/{rel}","templated":true}]}}