{"id":12631,"date":"2014-03-12T17:11:11","date_gmt":"2014-03-12T17:11:11","guid":{"rendered":"http:\/\/entecultura.com.ar\/usina1\/?p=12631"},"modified":"2014-03-12T17:11:11","modified_gmt":"2014-03-12T17:11:11","slug":"a-mi-pueblo-por-daniel-perazzo","status":"publish","type":"post","link":"http:\/\/enteculturalsantafesino.com.ar\/usina1\/2014\/03\/a-mi-pueblo-por-daniel-perazzo\/","title":{"rendered":"\u00abA Mi Pueblo\u00bb por Daniel Perazzo"},"content":{"rendered":"<p>Hoy es el D\u00eda de mi Pueblo, ese que quiero de todas las maneras, el que nunca me ha defraudado y siempre me ha brindado espacios de <a href=\"http:\/\/enteculturalsantafesino.com.ar\/usina1\/wp-content\/uploads\/2014\/03\/1798774_10203382141184478_1124020195_n.jpg\" rel=\"lightbox[12631]\"><img loading=\"lazy\" decoding=\"async\" class=\"alignright size-medium wp-image-12632\" alt=\"1798774_10203382141184478_1124020195_n\" src=\"http:\/\/enteculturalsantafesino.com.ar\/usina1\/wp-content\/uploads\/2014\/03\/1798774_10203382141184478_1124020195_n-300x224.jpg\" width=\"300\" height=\"224\" srcset=\"http:\/\/enteculturalsantafesino.com.ar\/usina1\/wp-content\/uploads\/2014\/03\/1798774_10203382141184478_1124020195_n-300x224.jpg 300w, http:\/\/enteculturalsantafesino.com.ar\/usina1\/wp-content\/uploads\/2014\/03\/1798774_10203382141184478_1124020195_n.jpg 526w\" sizes=\"(max-width: 300px) 100vw, 300px\" \/><\/a>encuentro, de hermandad, y me ha otorgado la dicha de ser su hijo&#8230;<br \/>\nTortugas se siente desde el coraz\u00f3n y como aquellos inmigrantes que en un momento lo hicieron suyo, es tiempo de unirnos y volver a hacerlo nuestro, porque \u00e9l sigue estando all\u00ed, esperando quiz\u00e1s, que sus hijos vuelvan a su reba\u00f1o, contin\u00faen eligiendo sus calles, sus paseos, su tierra, sus olores, para estrecharlo y decir con enorme orgullo, SOY TORTUGUERO o TORTUGUENSE, como mejor quieran llamarlo&#8230;<br \/>\n<strong>Mi pueblo hoy cumple 144 A\u00f1os y yo estoy feliz&#8230;&#8230;<\/strong><\/p>\n","protected":false},"excerpt":{"rendered":"<p>Hoy es el D\u00eda de mi Pueblo, ese que quiero de todas las maneras, el que nunca [&hellip;]<\/p>\n","protected":false},"author":3,"featured_media":12632,"comment_status":"closed","ping_status":"closed","sticky":false,"template":"","format":"standard","meta":{"_jetpack_memberships_contains_paid_content":false,"footnotes":"","jetpack_publicize_message":"","jetpack_publicize_feature_enabled":true,"jetpack_social_post_already_shared":false,"jetpack_social_options":{"image_generator_settings":{"template":"highway","enabled":false}}},"categories":[31],"tags":[],"jetpack_publicize_connections":[],"jetpack_sharing_enabled":true,"jetpack_featured_media_url":"http:\/\/enteculturalsantafesino.com.ar\/usina1\/wp-content\/uploads\/2014\/03\/1798774_10203382141184478_1124020195_n.jpg","_links":{"self":[{"href":"http:\/\/enteculturalsantafesino.com.ar\/usina1\/wp-json\/wp\/v2\/posts\/12631"}],"collection":[{"href":"http:\/\/enteculturalsantafesino.com.ar\/usina1\/wp-json\/wp\/v2\/posts"}],"about":[{"href":"http:\/\/enteculturalsantafesino.com.ar\/usina1\/wp-json\/wp\/v2\/types\/post"}],"author":[{"embeddable":true,"href":"http:\/\/enteculturalsantafesino.com.ar\/usina1\/wp-json\/wp\/v2\/users\/3"}],"replies":[{"embeddable":true,"href":"http:\/\/enteculturalsantafesino.com.ar\/usina1\/wp-json\/wp\/v2\/comments?post=12631"}],"version-history":[{"count":0,"href":"http:\/\/enteculturalsantafesino.com.ar\/usina1\/wp-json\/wp\/v2\/posts\/12631\/revisions"}],"wp:featuredmedia":[{"embeddable":true,"href":"http:\/\/enteculturalsantafesino.com.ar\/usina1\/wp-json\/wp\/v2\/media\/12632"}],"wp:attachment":[{"href":"http:\/\/enteculturalsantafesino.com.ar\/usina1\/wp-json\/wp\/v2\/media?parent=12631"}],"wp:term":[{"taxonomy":"category","embeddable":true,"href":"http:\/\/enteculturalsantafesino.com.ar\/usina1\/wp-json\/wp\/v2\/categories?post=12631"},{"taxonomy":"post_tag","embeddable":true,"href":"http:\/\/enteculturalsantafesino.com.ar\/usina1\/wp-json\/wp\/v2\/tags?post=12631"}],"curies":[{"name":"wp","href":"https:\/\/api.w.org\/{rel}","templated":true}]}}