{"id":12725,"date":"2014-03-25T11:58:23","date_gmt":"2014-03-25T11:58:23","guid":{"rendered":"http:\/\/entecultura.com.ar\/usina1\/?p=12725"},"modified":"2014-03-25T11:58:23","modified_gmt":"2014-03-25T11:58:23","slug":"se-realizo-seminario-de-tango-en-canada-de-gomez","status":"publish","type":"post","link":"http:\/\/enteculturalsantafesino.com.ar\/usina1\/2014\/03\/se-realizo-seminario-de-tango-en-canada-de-gomez\/","title":{"rendered":"Se realiz\u00f3 Seminario de Tango en Ca\u00f1ada de G\u00f3mez"},"content":{"rendered":"<div id=\"id_53316e74a476b4b13523379\">\n<p>Como parte de las acciones que la gesti\u00f3n municipal realiza para fomentar la m\u00fasica ciudadana en la ciudad, se llev\u00f3 a cabo un Seminario <a href=\"http:\/\/enteculturalsantafesino.com.ar\/usina1\/wp-content\/uploads\/2014\/03\/970083_665163033542495_1081056186_n.jpg\" rel=\"lightbox[12725]\"><img loading=\"lazy\" decoding=\"async\" class=\"alignright size-medium wp-image-12726\" alt=\"970083_665163033542495_1081056186_n\" src=\"http:\/\/enteculturalsantafesino.com.ar\/usina1\/wp-content\/uploads\/2014\/03\/970083_665163033542495_1081056186_n-300x171.jpg\" width=\"300\" height=\"171\" srcset=\"http:\/\/enteculturalsantafesino.com.ar\/usina1\/wp-content\/uploads\/2014\/03\/970083_665163033542495_1081056186_n-300x171.jpg 300w, http:\/\/enteculturalsantafesino.com.ar\/usina1\/wp-content\/uploads\/2014\/03\/970083_665163033542495_1081056186_n.jpg 480w\" sizes=\"(max-width: 300px) 100vw, 300px\" \/><\/a>de Tango de Sal\u00f3n los d\u00edas s\u00e1bado 22 y domingo 23 de marzo en Casa del Bicentenario. Cerca de cuarenta bailarines se capacitaron con los profesores Natalia Fossatti y Juan Pablo G\u00fcerri, que llegaron a nuestra ciudad a trav\u00e9s del <strong><em>Plan Nacional de Promoci\u00f3n del Tango de la Secretar\u00eda de Cultura de la Naci\u00f3n.<\/em><\/strong><\/p>\n<div>\n<p>\u00abPara nosotros es muy importante impulsar este tipo de entrenamientos. La gente pide capacitaciones como estas. Incluso a ra\u00edz acciones como el seminario se han generado muchas milongas en la ciudad, lo cual es un s\u00edntoma de de crecimiento del tango en la ciudad\u00bb, expres\u00f3 la secretaria de educaci\u00f3n, cultura y deporte del municipio, Raquel Di Paola.<\/p>\n<p>En tanto Juan Pablo G\u00fcerri destac\u00f3: \u00abEs la segunda vez que venimos aqu\u00ed a Ca\u00f1ada, lo primero es la calidez de la gente y despu\u00e9s obviamente el tango que est\u00e1 presente aqu\u00ed en la Casa del Bicentenario\u00bb. Su colega Natalia Fossatti manifest\u00f3 que esta segunda oportunidad sirvi\u00f3 \u00abpara profundizar algunos aspectos sobre c\u00f3mo interpretar eso que suena y que cada bailar\u00edn encuentre una forma diferente de bailar cada orquesta; afinar el o\u00eddo, afinar el cuerpo y ponerse all\u00ed a jugar con este tango que tanto nos une\u00bb.<\/p>\n<p>Ambos coincidieron que esta expresi\u00f3n cultural que los trajo a nuestra ciudad nuevamente \u00abest\u00e1 cada vez m\u00e1s fuerte en todo el pa\u00eds\u00bb y que \u00abla generaci\u00f3n de pol\u00edticas culturales estatales que acompa\u00f1en el crecimiento del tango es maravilloso\u00bb.<\/p>\n<\/div>\n<\/div>\n","protected":false},"excerpt":{"rendered":"<p>Como parte de las acciones que la gesti\u00f3n municipal realiza para fomentar la m\u00fasica ciudadana en la [&hellip;]<\/p>\n","protected":false},"author":3,"featured_media":12726,"comment_status":"closed","ping_status":"closed","sticky":false,"template":"","format":"standard","meta":{"_jetpack_memberships_contains_paid_content":false,"footnotes":"","jetpack_publicize_message":"","jetpack_publicize_feature_enabled":true,"jetpack_social_post_already_shared":false,"jetpack_social_options":{"image_generator_settings":{"template":"highway","enabled":false}}},"categories":[11],"tags":[],"jetpack_publicize_connections":[],"jetpack_sharing_enabled":true,"jetpack_featured_media_url":"http:\/\/enteculturalsantafesino.com.ar\/usina1\/wp-content\/uploads\/2014\/03\/970083_665163033542495_1081056186_n.jpg","_links":{"self":[{"href":"http:\/\/enteculturalsantafesino.com.ar\/usina1\/wp-json\/wp\/v2\/posts\/12725"}],"collection":[{"href":"http:\/\/enteculturalsantafesino.com.ar\/usina1\/wp-json\/wp\/v2\/posts"}],"about":[{"href":"http:\/\/enteculturalsantafesino.com.ar\/usina1\/wp-json\/wp\/v2\/types\/post"}],"author":[{"embeddable":true,"href":"http:\/\/enteculturalsantafesino.com.ar\/usina1\/wp-json\/wp\/v2\/users\/3"}],"replies":[{"embeddable":true,"href":"http:\/\/enteculturalsantafesino.com.ar\/usina1\/wp-json\/wp\/v2\/comments?post=12725"}],"version-history":[{"count":0,"href":"http:\/\/enteculturalsantafesino.com.ar\/usina1\/wp-json\/wp\/v2\/posts\/12725\/revisions"}],"wp:featuredmedia":[{"embeddable":true,"href":"http:\/\/enteculturalsantafesino.com.ar\/usina1\/wp-json\/wp\/v2\/media\/12726"}],"wp:attachment":[{"href":"http:\/\/enteculturalsantafesino.com.ar\/usina1\/wp-json\/wp\/v2\/media?parent=12725"}],"wp:term":[{"taxonomy":"category","embeddable":true,"href":"http:\/\/enteculturalsantafesino.com.ar\/usina1\/wp-json\/wp\/v2\/categories?post=12725"},{"taxonomy":"post_tag","embeddable":true,"href":"http:\/\/enteculturalsantafesino.com.ar\/usina1\/wp-json\/wp\/v2\/tags?post=12725"}],"curies":[{"name":"wp","href":"https:\/\/api.w.org\/{rel}","templated":true}]}}