{"id":12728,"date":"2014-03-25T13:47:11","date_gmt":"2014-03-25T13:47:11","guid":{"rendered":"http:\/\/entecultura.com.ar\/usina1\/?p=12728"},"modified":"2014-03-25T13:47:11","modified_gmt":"2014-03-25T13:47:11","slug":"totoras-apertura-de-la-muestra-fotografica-transiciones","status":"publish","type":"post","link":"http:\/\/enteculturalsantafesino.com.ar\/usina1\/2014\/03\/totoras-apertura-de-la-muestra-fotografica-transiciones\/","title":{"rendered":"Totoras: Apertura de la Muestra Fotogr\u00e1fica \u00abTransiciones\u00bb"},"content":{"rendered":"<div id=\"id_5331730ba6b811669049802\">\n<p>El Museo de la Ciudad (San Lorenzo y Laprida) expondr\u00e1 hasta el 30 de abril, la muestra fotogr\u00e1fica \u00abTransiciones,\u00bb un recorrido por las <a href=\"http:\/\/enteculturalsantafesino.com.ar\/usina1\/wp-content\/uploads\/2014\/03\/1891026_503826289721937_1426205604_n.jpg\" rel=\"lightbox[12728]\"><img loading=\"lazy\" decoding=\"async\" class=\"alignright size-medium wp-image-12729\" alt=\"1891026_503826289721937_1426205604_n\" src=\"http:\/\/enteculturalsantafesino.com.ar\/usina1\/wp-content\/uploads\/2014\/03\/1891026_503826289721937_1426205604_n-300x225.jpg\" width=\"300\" height=\"225\" srcset=\"http:\/\/enteculturalsantafesino.com.ar\/usina1\/wp-content\/uploads\/2014\/03\/1891026_503826289721937_1426205604_n-300x225.jpg 300w, http:\/\/enteculturalsantafesino.com.ar\/usina1\/wp-content\/uploads\/2014\/03\/1891026_503826289721937_1426205604_n.jpg 960w\" sizes=\"(max-width: 300px) 100vw, 300px\" \/><\/a>im\u00e1genes m\u00e1s representativas de momentos considerados hitos en la historia social y pol\u00edtica de las \u00faltimas d\u00e9cadas de nuestro continente. La exposici\u00f3n fue habilitada ayer, en el D\u00eda Nacional de la Memoria por la Verdad y la Justicia, para ser recorrida por el p\u00fablico y contingentes escolares. La muestra surgi\u00f3 de un trabajo realizado por las instituciones latinoamericanas de la Coalici\u00f3n Internacional de Sitios de Conciencia y pertenece al Museo de la Memoria de Rosario.<br \/>\nAntes, se proyectaron los documentales \u00abZamba en la Casa Rosada\u00bb y \u00abEl Caso Melincu\u00e9\u00bb en el Centro Cultural de la Ciudad.<br \/>\nLo que viene<br \/>\nEn el marco de un nuevo aniversario del \u00faltimo golpe de Estado en la Argentina, se realizar\u00e1 adem\u00e1s una charla el pr\u00f3ximo 24 de abril, a cargo de Eric Domergue, hermano de Yves Domergue, desaparecido junto a Cristina Cialceta durante la \u00faltima dictadura militar. En septiembre de 1976, fueron secuestrados en Rosario y luego asesinados. Sus cuerpos permanecieron como NN en el cementerio de Melincu\u00e9, provincia de Santa Fe, por m\u00e1s de 30 a\u00f1os. En 2003, a partir del trabajo iniciado por una profesora de \u00c9tica Ciudadana y un grupo de alumnos de la escuela secundaria Pablo Pizzurno, se logr\u00f3 recuperar la identidad de ambos y reconstruir esta dolorosa historia, reflejada en el documental \u00abEl Caso Melincu\u00e9.\u00bb<\/p>\n<div>\n<p>Horarios Muestra Fotogr\u00e1fica: lunes a viernes, 8 a 12<br \/>\ndomingos, 18 a 20<\/p>\n<p>Delegaciones escolares solicitar turnos al 461777 o a trav\u00e9s de museo@totoras.gov.ar<\/p>\n<\/div>\n<\/div>\n","protected":false},"excerpt":{"rendered":"<p>El Museo de la Ciudad (San Lorenzo y Laprida) expondr\u00e1 hasta el 30 de abril, la muestra [&hellip;]<\/p>\n","protected":false},"author":3,"featured_media":12729,"comment_status":"closed","ping_status":"closed","sticky":false,"template":"","format":"standard","meta":{"_jetpack_memberships_contains_paid_content":false,"footnotes":"","jetpack_publicize_message":"","jetpack_publicize_feature_enabled":true,"jetpack_social_post_already_shared":false,"jetpack_social_options":{"image_generator_settings":{"template":"highway","enabled":false}}},"categories":[27],"tags":[],"jetpack_publicize_connections":[],"jetpack_sharing_enabled":true,"jetpack_featured_media_url":"http:\/\/enteculturalsantafesino.com.ar\/usina1\/wp-content\/uploads\/2014\/03\/1891026_503826289721937_1426205604_n.jpg","_links":{"self":[{"href":"http:\/\/enteculturalsantafesino.com.ar\/usina1\/wp-json\/wp\/v2\/posts\/12728"}],"collection":[{"href":"http:\/\/enteculturalsantafesino.com.ar\/usina1\/wp-json\/wp\/v2\/posts"}],"about":[{"href":"http:\/\/enteculturalsantafesino.com.ar\/usina1\/wp-json\/wp\/v2\/types\/post"}],"author":[{"embeddable":true,"href":"http:\/\/enteculturalsantafesino.com.ar\/usina1\/wp-json\/wp\/v2\/users\/3"}],"replies":[{"embeddable":true,"href":"http:\/\/enteculturalsantafesino.com.ar\/usina1\/wp-json\/wp\/v2\/comments?post=12728"}],"version-history":[{"count":0,"href":"http:\/\/enteculturalsantafesino.com.ar\/usina1\/wp-json\/wp\/v2\/posts\/12728\/revisions"}],"wp:featuredmedia":[{"embeddable":true,"href":"http:\/\/enteculturalsantafesino.com.ar\/usina1\/wp-json\/wp\/v2\/media\/12729"}],"wp:attachment":[{"href":"http:\/\/enteculturalsantafesino.com.ar\/usina1\/wp-json\/wp\/v2\/media?parent=12728"}],"wp:term":[{"taxonomy":"category","embeddable":true,"href":"http:\/\/enteculturalsantafesino.com.ar\/usina1\/wp-json\/wp\/v2\/categories?post=12728"},{"taxonomy":"post_tag","embeddable":true,"href":"http:\/\/enteculturalsantafesino.com.ar\/usina1\/wp-json\/wp\/v2\/tags?post=12728"}],"curies":[{"name":"wp","href":"https:\/\/api.w.org\/{rel}","templated":true}]}}