{"id":12731,"date":"2014-03-25T14:47:21","date_gmt":"2014-03-25T14:47:21","guid":{"rendered":"http:\/\/entecultura.com.ar\/usina1\/?p=12731"},"modified":"2014-03-25T14:47:21","modified_gmt":"2014-03-25T14:47:21","slug":"san-genaroferia-de-emprendedores-comienzo-exitoso","status":"publish","type":"post","link":"http:\/\/enteculturalsantafesino.com.ar\/usina1\/2014\/03\/san-genaroferia-de-emprendedores-comienzo-exitoso\/","title":{"rendered":"San Genaro:\u00bbFeria de Emprendedores\u00bb comienzo exitoso"},"content":{"rendered":"<p>Se desarroll\u00f3 la 1er Feria de Emprendedores y Artesanos Sangenarinos en la plaza San Mart\u00edn de nuestra ciudad, si bien los feriantes hab\u00edan<a href=\"http:\/\/enteculturalsantafesino.com.ar\/usina1\/wp-content\/uploads\/2014\/03\/10013544_730781886952907_1270419743_n.jpg\" rel=\"lightbox[12731]\"><img loading=\"lazy\" decoding=\"async\" class=\"alignright size-medium wp-image-12732\" alt=\"10013544_730781886952907_1270419743_n\" src=\"http:\/\/enteculturalsantafesino.com.ar\/usina1\/wp-content\/uploads\/2014\/03\/10013544_730781886952907_1270419743_n-300x225.jpg\" width=\"300\" height=\"225\" srcset=\"http:\/\/enteculturalsantafesino.com.ar\/usina1\/wp-content\/uploads\/2014\/03\/10013544_730781886952907_1270419743_n-300x225.jpg 300w, http:\/\/enteculturalsantafesino.com.ar\/usina1\/wp-content\/uploads\/2014\/03\/10013544_730781886952907_1270419743_n.jpg 960w\" sizes=\"(max-width: 300px) 100vw, 300px\" \/><\/a> tenido participaci\u00f3n en la Fiesta Provincial del Trigo y el Encuentro Musiquero, este fue el punta pie inicial del a\u00f1o el cual tendr\u00e1 una Feria por mes durante este 2014 con respecto al calendario trazado por la Coordinaci\u00f3n de Producci\u00f3n del Municipio.<\/p>\n<p>Ciento de sangenarinos disfrutaron del d\u00eda soleado, de la m\u00fasica y del Paseo de Emprendedores que pusieron a disposici\u00f3n su mercader\u00eda renovada. La Feria es un reflejo de lo que es para el Municipio su concepci\u00f3n de \u201ctrabajo\u201d y del \u201cvalor agregado\u201d a la materia prima local; combinado con manifestaciones culturales llevando alegr\u00eda y entretenimiento gratuito a las familias de San Genaro.<\/p>\n<p>El escenario de la Plaza San Mart\u00edn tuvo el show musical de Santiago Campos quien hizo un repaso de sus recientes \u00e9xitos y un repertorio de covers de los m\u00e1s populares cantantes latinoamericanos. El cierre tropical estuvo a cargo de Triana, llevando su ritmo y su alegr\u00eda a todos los presentes.<\/p>\n","protected":false},"excerpt":{"rendered":"<p>Se desarroll\u00f3 la 1er Feria de Emprendedores y Artesanos Sangenarinos en la plaza San Mart\u00edn de nuestra [&hellip;]<\/p>\n","protected":false},"author":3,"featured_media":12732,"comment_status":"closed","ping_status":"closed","sticky":false,"template":"","format":"standard","meta":{"_jetpack_memberships_contains_paid_content":false,"footnotes":"","jetpack_publicize_message":"","jetpack_publicize_feature_enabled":true,"jetpack_social_post_already_shared":false,"jetpack_social_options":{"image_generator_settings":{"template":"highway","enabled":false}}},"categories":[28],"tags":[],"jetpack_publicize_connections":[],"jetpack_sharing_enabled":true,"jetpack_featured_media_url":"http:\/\/enteculturalsantafesino.com.ar\/usina1\/wp-content\/uploads\/2014\/03\/10013544_730781886952907_1270419743_n.jpg","_links":{"self":[{"href":"http:\/\/enteculturalsantafesino.com.ar\/usina1\/wp-json\/wp\/v2\/posts\/12731"}],"collection":[{"href":"http:\/\/enteculturalsantafesino.com.ar\/usina1\/wp-json\/wp\/v2\/posts"}],"about":[{"href":"http:\/\/enteculturalsantafesino.com.ar\/usina1\/wp-json\/wp\/v2\/types\/post"}],"author":[{"embeddable":true,"href":"http:\/\/enteculturalsantafesino.com.ar\/usina1\/wp-json\/wp\/v2\/users\/3"}],"replies":[{"embeddable":true,"href":"http:\/\/enteculturalsantafesino.com.ar\/usina1\/wp-json\/wp\/v2\/comments?post=12731"}],"version-history":[{"count":0,"href":"http:\/\/enteculturalsantafesino.com.ar\/usina1\/wp-json\/wp\/v2\/posts\/12731\/revisions"}],"wp:featuredmedia":[{"embeddable":true,"href":"http:\/\/enteculturalsantafesino.com.ar\/usina1\/wp-json\/wp\/v2\/media\/12732"}],"wp:attachment":[{"href":"http:\/\/enteculturalsantafesino.com.ar\/usina1\/wp-json\/wp\/v2\/media?parent=12731"}],"wp:term":[{"taxonomy":"category","embeddable":true,"href":"http:\/\/enteculturalsantafesino.com.ar\/usina1\/wp-json\/wp\/v2\/categories?post=12731"},{"taxonomy":"post_tag","embeddable":true,"href":"http:\/\/enteculturalsantafesino.com.ar\/usina1\/wp-json\/wp\/v2\/tags?post=12731"}],"curies":[{"name":"wp","href":"https:\/\/api.w.org\/{rel}","templated":true}]}}