{"id":12734,"date":"2014-03-25T20:35:30","date_gmt":"2014-03-25T20:35:30","guid":{"rendered":"http:\/\/entecultura.com.ar\/usina1\/?p=12734"},"modified":"2014-03-25T20:35:30","modified_gmt":"2014-03-25T20:35:30","slug":"vicente-zito-lema-estuvo-presente-en-canada-de-gomez","status":"publish","type":"post","link":"http:\/\/enteculturalsantafesino.com.ar\/usina1\/2014\/03\/vicente-zito-lema-estuvo-presente-en-canada-de-gomez\/","title":{"rendered":"Vicente Zito Lema estuvo presente en Ca\u00f1ada de G\u00f3mez"},"content":{"rendered":"<div>\n<div id=\"fb-root\">\u00a0<span style=\"line-height: 1.5em;\">El escritor Vicente Zito Lema mantuvo un encuentro con los ca\u00f1adenses en Casa del Bicentenario y recibi\u00f3 el homenaje de la intendenta <a href=\"http:\/\/enteculturalsantafesino.com.ar\/usina1\/wp-content\/uploads\/2014\/03\/1978868_692262407504589_283386739_n.jpg\" rel=\"lightbox[12734]\"><img loading=\"lazy\" decoding=\"async\" class=\"alignright size-medium wp-image-12735\" alt=\"1978868_692262407504589_283386739_n\" src=\"http:\/\/enteculturalsantafesino.com.ar\/usina1\/wp-content\/uploads\/2014\/03\/1978868_692262407504589_283386739_n-300x225.jpg\" width=\"300\" height=\"225\" srcset=\"http:\/\/enteculturalsantafesino.com.ar\/usina1\/wp-content\/uploads\/2014\/03\/1978868_692262407504589_283386739_n-300x225.jpg 300w, http:\/\/enteculturalsantafesino.com.ar\/usina1\/wp-content\/uploads\/2014\/03\/1978868_692262407504589_283386739_n.jpg 640w\" sizes=\"(max-width: 300px) 100vw, 300px\" \/><\/a>Cl\u00e9rici, por su incansable trabajo a lo largo de 50 a\u00f1os en favor de los derechos humanos. Tambi\u00e9n visit\u00f3 el Colegio Florentino Ameghino donde charl\u00f3 con sus alumnos.<\/span><span style=\"line-height: 1.5em;\">\u00a0<\/span><\/div>\n<\/div>\n<p>Como parte de las conmemoraciones del D\u00eda Nacional de la Memoria por la Verdad y la Justicia, la gesti\u00f3n municipal impuls\u00f3 la vista \u00a0del escritor, profesor y periodista Vicente Zito Lema. Mantuvo un encuentro con los ca\u00f1adenses en Casa del Bicentenario y en este \u00e1mbito obtuvo un reconocimiento de la intendenta Stella Cl\u00e9rici por sus 50 a\u00f1os labor a favor de los derechos humanos.<\/p>\n<p>Zito Lema \u00a0recibi\u00f3 material bibliogr\u00e1fico sobre la ciudad y un juego de copas de la Cooperativa de Trabajo Vitrof\u00edn, recuperada por sus trabajadores. Al respecto manifest\u00f3 que es \u00abmuy significativo recibir un presente de este tipo\u00bb debido a su trabajo en torno a los derecho de los trabajadores cooperativistas.<\/p>\n<p>Uno de los ejes de su charla fue la reflexi\u00f3n acerca de un dato que \u00a0refiri\u00f3 con preocupaci\u00f3n: a un 25% de j\u00f3venes les da igual vivir en <a href=\"http:\/\/enteculturalsantafesino.com.ar\/usina1\/wp-content\/uploads\/2014\/03\/pp.jpg\" rel=\"lightbox[12734]\"><img loading=\"lazy\" decoding=\"async\" class=\"alignright size-full wp-image-12738\" alt=\"pp\" src=\"http:\/\/enteculturalsantafesino.com.ar\/usina1\/wp-content\/uploads\/2014\/03\/pp.jpg\" width=\"259\" height=\"220\" \/><\/a>dictadura o democracia. Al respecto desarroll\u00f3: \u00abComo punto de partida la responsabilidad es de los adultos. Porque si son j\u00f3venes no est\u00e1n en el periodo donde ya est\u00e1 consolidada suficientemente la conciencia cr\u00edtica o no han tenido otros est\u00edmulos. \u00bfHemos educado suficientemente a la nuevas generaciones para que amen la democracia? \u00bfLos que tenemos voz p\u00fablica hemos dicho lo suficiente para que el discurso de la democracia fuera cre\u00eddo por el conjunto social, especialmente por la gente m\u00e1s joven?\u00bb<\/p>\n<p>\u00abEstoy convencido que en los \u00faltimos tiempos los grandes medios de comunicaci\u00f3n no han contribuido suficientemente para que los j\u00f3venes amen la democracia. Presentan todo con una banalidad que pareciera que todo es igual. La vida se va banalizando. Y cuando la vida se va banalizando en su conjunto tambi\u00e9n se banaliza la democracia\u00bb, manifest\u00f3.<\/p>\n<p>Por su parte la intendenta Stella Cl\u00e9rici reflexion\u00f3: \u00abLos derechos humanos aparecen en el medio del horror como una reivindicaci\u00f3n, <a href=\"http:\/\/enteculturalsantafesino.com.ar\/usina1\/wp-content\/uploads\/2014\/03\/1979538_692257017505128_1319291718_n.jpg\" rel=\"lightbox[12734]\"><img loading=\"lazy\" decoding=\"async\" class=\"alignright size-medium wp-image-12736\" alt=\"1979538_692257017505128_1319291718_n\" src=\"http:\/\/enteculturalsantafesino.com.ar\/usina1\/wp-content\/uploads\/2014\/03\/1979538_692257017505128_1319291718_n-300x225.jpg\" width=\"300\" height=\"225\" srcset=\"http:\/\/enteculturalsantafesino.com.ar\/usina1\/wp-content\/uploads\/2014\/03\/1979538_692257017505128_1319291718_n-300x225.jpg 300w, http:\/\/enteculturalsantafesino.com.ar\/usina1\/wp-content\/uploads\/2014\/03\/1979538_692257017505128_1319291718_n.jpg 960w\" sizes=\"(max-width: 300px) 100vw, 300px\" \/><\/a>como una lucha. \u00a0Estos d\u00edas tienen que ser la posibilidad para disparar la continuidad. El derecho humano por excelencia es la vida y a partir de all\u00ed todo lo que tiene que ver con cuidarla, protegerla, no permitir que una persona abuse de otra persona o un sistema hacia las personas, tiene que ver con promover los derechos humanos. Una fecha es importante pero eso se tiene que seguir llevando adelante desde \u00a0distintos aspectos\u00bb.<\/p>\n<p>En sinton\u00eda, Vicente Zito Lema concluy\u00f3: \u00a0\u00abNo tiene que haber un solo d\u00eda para los derechos humanos. Yo desde hace a\u00f1os insisto que en toda la educaci\u00f3n p\u00fablica haya materias\u00a0 transversales de derechos humanos\u00bb.<\/p>\n<p>Como cierre de su visita a la ciudad, quien fuera disc\u00edpulo de Pichon Rivi\u00e9re, visit\u00f3 el Colegio Florentino Ameghino donde charl\u00f3 con sus alumnos y particip\u00f3 de un homenaje a las v\u00edctimas de la \u00faltima dictadura.<\/p>\n","protected":false},"excerpt":{"rendered":"<p>\u00a0El escritor Vicente Zito Lema mantuvo un encuentro con los ca\u00f1adenses en Casa del Bicentenario y recibi\u00f3 [&hellip;]<\/p>\n","protected":false},"author":3,"featured_media":12735,"comment_status":"closed","ping_status":"closed","sticky":false,"template":"","format":"standard","meta":{"_jetpack_memberships_contains_paid_content":false,"footnotes":"","jetpack_publicize_message":"","jetpack_publicize_feature_enabled":true,"jetpack_social_post_already_shared":false,"jetpack_social_options":{"image_generator_settings":{"template":"highway","enabled":false}}},"categories":[11],"tags":[],"jetpack_publicize_connections":[],"jetpack_sharing_enabled":true,"jetpack_featured_media_url":"http:\/\/enteculturalsantafesino.com.ar\/usina1\/wp-content\/uploads\/2014\/03\/1978868_692262407504589_283386739_n.jpg","_links":{"self":[{"href":"http:\/\/enteculturalsantafesino.com.ar\/usina1\/wp-json\/wp\/v2\/posts\/12734"}],"collection":[{"href":"http:\/\/enteculturalsantafesino.com.ar\/usina1\/wp-json\/wp\/v2\/posts"}],"about":[{"href":"http:\/\/enteculturalsantafesino.com.ar\/usina1\/wp-json\/wp\/v2\/types\/post"}],"author":[{"embeddable":true,"href":"http:\/\/enteculturalsantafesino.com.ar\/usina1\/wp-json\/wp\/v2\/users\/3"}],"replies":[{"embeddable":true,"href":"http:\/\/enteculturalsantafesino.com.ar\/usina1\/wp-json\/wp\/v2\/comments?post=12734"}],"version-history":[{"count":0,"href":"http:\/\/enteculturalsantafesino.com.ar\/usina1\/wp-json\/wp\/v2\/posts\/12734\/revisions"}],"wp:featuredmedia":[{"embeddable":true,"href":"http:\/\/enteculturalsantafesino.com.ar\/usina1\/wp-json\/wp\/v2\/media\/12735"}],"wp:attachment":[{"href":"http:\/\/enteculturalsantafesino.com.ar\/usina1\/wp-json\/wp\/v2\/media?parent=12734"}],"wp:term":[{"taxonomy":"category","embeddable":true,"href":"http:\/\/enteculturalsantafesino.com.ar\/usina1\/wp-json\/wp\/v2\/categories?post=12734"},{"taxonomy":"post_tag","embeddable":true,"href":"http:\/\/enteculturalsantafesino.com.ar\/usina1\/wp-json\/wp\/v2\/tags?post=12734"}],"curies":[{"name":"wp","href":"https:\/\/api.w.org\/{rel}","templated":true}]}}