{"id":12740,"date":"2014-03-27T12:14:22","date_gmt":"2014-03-27T12:14:22","guid":{"rendered":"http:\/\/entecultura.com.ar\/usina1\/?p=12740"},"modified":"2014-03-27T12:14:22","modified_gmt":"2014-03-27T12:14:22","slug":"el-trebol-caminata-de-la-memoria","status":"publish","type":"post","link":"http:\/\/enteculturalsantafesino.com.ar\/usina1\/2014\/03\/el-trebol-caminata-de-la-memoria\/","title":{"rendered":"El Tr\u00e9bol: Caminata de la Memoria"},"content":{"rendered":"<p>Finalizado el acto protocolar, del pasado lunes 24 de marzo, \u00a0autoridades y vecinos caminaron desde el \u201cLugar de la Memoria\u201d, hasta el <a href=\"http:\/\/enteculturalsantafesino.com.ar\/usina1\/wp-content\/uploads\/2014\/03\/224-300x225.jpg\" rel=\"lightbox[12740]\"><img loading=\"lazy\" decoding=\"async\" class=\"alignright size-full wp-image-12741\" alt=\"224-300x225\" src=\"http:\/\/enteculturalsantafesino.com.ar\/usina1\/wp-content\/uploads\/2014\/03\/224-300x225.jpg\" width=\"300\" height=\"225\" \/><\/a> <a href=\"http:\/\/enteculturalsantafesino.com.ar\/usina1\/wp-content\/uploads\/2014\/03\/320-300x225.jpg\" rel=\"lightbox[12740]\"><img loading=\"lazy\" decoding=\"async\" class=\"alignright size-full wp-image-12742\" alt=\"320-300x225\" src=\"http:\/\/enteculturalsantafesino.com.ar\/usina1\/wp-content\/uploads\/2014\/03\/320-300x225.jpg\" width=\"300\" height=\"225\" \/><\/a>Sal\u00f3n Cervantes donde se inauguraron las muestras itinerantes de la Casa de Ana Frank.<\/p>\n<p>La caravana estuvo encabezada por el trompetista Emanuel Arce y j\u00f3venes de la batucada Ah\u00e9 Kumar\u00e9 del Centro Integrador comunitario, seguido de autoridades y vecinos que caminaron hasta el Sal\u00f3n Cervantes.<\/p>\n<p>&nbsp;<\/p>\n<p><strong><em>Fuente: comosomosdigital.com.ar<\/em><\/strong><\/p>\n<p>&nbsp;<\/p>\n<p>&nbsp;<\/p>\n<p>&nbsp;<\/p>\n<p>&nbsp;<\/p>\n<p>&nbsp;<\/p>\n<p>&nbsp;<\/p>\n","protected":false},"excerpt":{"rendered":"<p>Finalizado el acto protocolar, del pasado lunes 24 de marzo, \u00a0autoridades y vecinos caminaron desde el \u201cLugar [&hellip;]<\/p>\n","protected":false},"author":3,"featured_media":12741,"comment_status":"closed","ping_status":"closed","sticky":false,"template":"","format":"standard","meta":{"_jetpack_memberships_contains_paid_content":false,"footnotes":"","jetpack_publicize_message":"","jetpack_publicize_feature_enabled":true,"jetpack_social_post_already_shared":false,"jetpack_social_options":{"image_generator_settings":{"template":"highway","enabled":false}}},"categories":[18],"tags":[],"jetpack_publicize_connections":[],"jetpack_sharing_enabled":true,"jetpack_featured_media_url":"http:\/\/enteculturalsantafesino.com.ar\/usina1\/wp-content\/uploads\/2014\/03\/224-300x225.jpg","_links":{"self":[{"href":"http:\/\/enteculturalsantafesino.com.ar\/usina1\/wp-json\/wp\/v2\/posts\/12740"}],"collection":[{"href":"http:\/\/enteculturalsantafesino.com.ar\/usina1\/wp-json\/wp\/v2\/posts"}],"about":[{"href":"http:\/\/enteculturalsantafesino.com.ar\/usina1\/wp-json\/wp\/v2\/types\/post"}],"author":[{"embeddable":true,"href":"http:\/\/enteculturalsantafesino.com.ar\/usina1\/wp-json\/wp\/v2\/users\/3"}],"replies":[{"embeddable":true,"href":"http:\/\/enteculturalsantafesino.com.ar\/usina1\/wp-json\/wp\/v2\/comments?post=12740"}],"version-history":[{"count":0,"href":"http:\/\/enteculturalsantafesino.com.ar\/usina1\/wp-json\/wp\/v2\/posts\/12740\/revisions"}],"wp:featuredmedia":[{"embeddable":true,"href":"http:\/\/enteculturalsantafesino.com.ar\/usina1\/wp-json\/wp\/v2\/media\/12741"}],"wp:attachment":[{"href":"http:\/\/enteculturalsantafesino.com.ar\/usina1\/wp-json\/wp\/v2\/media?parent=12740"}],"wp:term":[{"taxonomy":"category","embeddable":true,"href":"http:\/\/enteculturalsantafesino.com.ar\/usina1\/wp-json\/wp\/v2\/categories?post=12740"},{"taxonomy":"post_tag","embeddable":true,"href":"http:\/\/enteculturalsantafesino.com.ar\/usina1\/wp-json\/wp\/v2\/tags?post=12740"}],"curies":[{"name":"wp","href":"https:\/\/api.w.org\/{rel}","templated":true}]}}