{"id":12744,"date":"2014-03-27T12:43:58","date_gmt":"2014-03-27T12:43:58","guid":{"rendered":"http:\/\/entecultura.com.ar\/usina1\/?p=12744"},"modified":"2014-03-27T12:43:58","modified_gmt":"2014-03-27T12:43:58","slug":"27-de-marzo-dia-mundial-del-teatro","status":"publish","type":"post","link":"http:\/\/enteculturalsantafesino.com.ar\/usina1\/2014\/03\/27-de-marzo-dia-mundial-del-teatro\/","title":{"rendered":"27 de marzo-D\u00eda Mundial del Teatro"},"content":{"rendered":"<p>El D\u00eda Mundial del Teatro fue creado en 1961 por el Instituto Internacional del Teatro (ITI). Se celebra anualmente el 27 de marzo por <a href=\"http:\/\/enteculturalsantafesino.com.ar\/usina1\/wp-content\/uploads\/2014\/03\/images.jpg\" rel=\"lightbox[12744]\"><img loading=\"lazy\" decoding=\"async\" class=\"alignright size-full wp-image-12745\" alt=\"images\" src=\"http:\/\/enteculturalsantafesino.com.ar\/usina1\/wp-content\/uploads\/2014\/03\/images.jpg\" width=\"259\" height=\"194\" \/><\/a>los Centros ITI y la comunidad teatral internacional. Varios eventos teatrales nacionales e internacionales son organizados para conmemorar esta ocasi\u00f3n. Uno de los m\u00e1s importantes es la circulaci\u00f3n del Mensaje Internacional del D\u00eda Mundial del Teatro a trav\u00e9s del cual, por invitaci\u00f3n del ITI, una figura de talla mundial comparte sus reflexiones sobre el tema del Teatro y una Cultura de Paz. El primer Mensaje Internacional del D\u00eda Mundial del Teatro fue escrito por Jean Cocteau (Francia) en 1962.<br \/>\nPrimero fue en Helsinki, y luego en Viena, en el 9\u00ba Congreso Mundial del ITI en junio de 1961 que el Presidente Arvi Kivimaa propuso en nombre del Centro Finland\u00e9s del Instituto Internacional de Teatro que un D\u00eda Mundial del Teatro sea instituido. La propuesta, respaldada por los centros escandinavos, se realiz\u00f3 por aclamaci\u00f3n.<br \/>\nDesde entonces, cada a\u00f1o el 27 de marzo (fecha de la apertura de 1962 del \u00abTeatro de las Naciones\u00bb temporada en Par\u00eds), el D\u00eda Mundial del Teatro se celebra en muchas y variadas formas por los Centros Nacionales del ITI de los cuales en la actualidad hay casi 100 en todo el mundo.<br \/>\nCada a\u00f1o, una figura sobresaliente en el teatro o una persona excepcional en coraz\u00f3n y esp\u00edritu de otro campo, es invitada a compartir sus reflexiones sobre el teatro y la armon\u00eda internacional. Lo que se conoce como el Mensaje Internacional se traduce en m\u00e1s de 20 idiomas, le\u00eddo por decenas de miles de espectadores antes de las presentaciones en teatros de todo el mundo e impreso en cientos de diarios. Colegas en el \u00e1mbito audiovisual dan una mano fraternal, m\u00e1s de cien estaciones de radio y televisi\u00f3n que transmiten el Mensaje a los oyentes en todos los rincones de los cinco continentes.\u00bb<\/p>\n","protected":false},"excerpt":{"rendered":"<p>El D\u00eda Mundial del Teatro fue creado en 1961 por el Instituto Internacional del Teatro (ITI). Se [&hellip;]<\/p>\n","protected":false},"author":3,"featured_media":12745,"comment_status":"closed","ping_status":"closed","sticky":false,"template":"","format":"standard","meta":{"_jetpack_memberships_contains_paid_content":false,"footnotes":"","jetpack_publicize_message":"","jetpack_publicize_feature_enabled":true,"jetpack_social_post_already_shared":false,"jetpack_social_options":{"image_generator_settings":{"template":"highway","enabled":false}}},"categories":[1],"tags":[],"jetpack_publicize_connections":[],"jetpack_sharing_enabled":true,"jetpack_featured_media_url":"http:\/\/enteculturalsantafesino.com.ar\/usina1\/wp-content\/uploads\/2014\/03\/images.jpg","_links":{"self":[{"href":"http:\/\/enteculturalsantafesino.com.ar\/usina1\/wp-json\/wp\/v2\/posts\/12744"}],"collection":[{"href":"http:\/\/enteculturalsantafesino.com.ar\/usina1\/wp-json\/wp\/v2\/posts"}],"about":[{"href":"http:\/\/enteculturalsantafesino.com.ar\/usina1\/wp-json\/wp\/v2\/types\/post"}],"author":[{"embeddable":true,"href":"http:\/\/enteculturalsantafesino.com.ar\/usina1\/wp-json\/wp\/v2\/users\/3"}],"replies":[{"embeddable":true,"href":"http:\/\/enteculturalsantafesino.com.ar\/usina1\/wp-json\/wp\/v2\/comments?post=12744"}],"version-history":[{"count":0,"href":"http:\/\/enteculturalsantafesino.com.ar\/usina1\/wp-json\/wp\/v2\/posts\/12744\/revisions"}],"wp:featuredmedia":[{"embeddable":true,"href":"http:\/\/enteculturalsantafesino.com.ar\/usina1\/wp-json\/wp\/v2\/media\/12745"}],"wp:attachment":[{"href":"http:\/\/enteculturalsantafesino.com.ar\/usina1\/wp-json\/wp\/v2\/media?parent=12744"}],"wp:term":[{"taxonomy":"category","embeddable":true,"href":"http:\/\/enteculturalsantafesino.com.ar\/usina1\/wp-json\/wp\/v2\/categories?post=12744"},{"taxonomy":"post_tag","embeddable":true,"href":"http:\/\/enteculturalsantafesino.com.ar\/usina1\/wp-json\/wp\/v2\/tags?post=12744"}],"curies":[{"name":"wp","href":"https:\/\/api.w.org\/{rel}","templated":true}]}}