{"id":12807,"date":"2014-04-07T00:21:39","date_gmt":"2014-04-07T00:21:39","guid":{"rendered":"http:\/\/entecultura.com.ar\/usina1\/?p=12807"},"modified":"2014-04-07T00:21:39","modified_gmt":"2014-04-07T00:21:39","slug":"san-genaro-abierta-la-inscripcion-para-el-taller-de-tango","status":"publish","type":"post","link":"http:\/\/enteculturalsantafesino.com.ar\/usina1\/2014\/04\/san-genaro-abierta-la-inscripcion-para-el-taller-de-tango\/","title":{"rendered":"San Genaro: Abierta la inscripci\u00f3n para el Taller de Tango"},"content":{"rendered":"<p>Ya se encuentra abierta la inscripci\u00f3n a este nuevo Taller que te ofrece la Municipalidad de San Genaro. CLASES DE TANGO &#8211; Comienza el <a href=\"http:\/\/enteculturalsantafesino.com.ar\/usina1\/wp-content\/uploads\/2014\/04\/1939476_735144426516653_266916454_n.jpg\" rel=\"lightbox[12807]\"><img loading=\"lazy\" decoding=\"async\" class=\"alignright size-medium wp-image-12808\" alt=\"1939476_735144426516653_266916454_n\" src=\"http:\/\/enteculturalsantafesino.com.ar\/usina1\/wp-content\/uploads\/2014\/04\/1939476_735144426516653_266916454_n-300x195.jpg\" width=\"300\" height=\"195\" srcset=\"http:\/\/enteculturalsantafesino.com.ar\/usina1\/wp-content\/uploads\/2014\/04\/1939476_735144426516653_266916454_n-300x195.jpg 300w, http:\/\/enteculturalsantafesino.com.ar\/usina1\/wp-content\/uploads\/2014\/04\/1939476_735144426516653_266916454_n.jpg 460w\" sizes=\"(max-width: 300px) 100vw, 300px\" \/><\/a>s\u00e1bado 12 de Abril de 16 a 18 hs en el Sal\u00f3n de la ex Penzoil (en el cruce de sem\u00e1foros).<\/p>\n<p>Inscribite en Casa de la Cultura(Paseo del Centenario) de Lunes a Viernes de 8 a 12 hs o comun\u00edcate al tel\u00e9fono 03401 &#8211; 448291.<\/p>\n","protected":false},"excerpt":{"rendered":"<p>Ya se encuentra abierta la inscripci\u00f3n a este nuevo Taller que te ofrece la Municipalidad de San [&hellip;]<\/p>\n","protected":false},"author":3,"featured_media":12808,"comment_status":"closed","ping_status":"closed","sticky":false,"template":"","format":"standard","meta":{"_jetpack_memberships_contains_paid_content":false,"footnotes":"","jetpack_publicize_message":"","jetpack_publicize_feature_enabled":true,"jetpack_social_post_already_shared":false,"jetpack_social_options":{"image_generator_settings":{"template":"highway","enabled":false}}},"categories":[28],"tags":[],"jetpack_publicize_connections":[],"jetpack_sharing_enabled":true,"jetpack_featured_media_url":"http:\/\/enteculturalsantafesino.com.ar\/usina1\/wp-content\/uploads\/2014\/04\/1939476_735144426516653_266916454_n.jpg","_links":{"self":[{"href":"http:\/\/enteculturalsantafesino.com.ar\/usina1\/wp-json\/wp\/v2\/posts\/12807"}],"collection":[{"href":"http:\/\/enteculturalsantafesino.com.ar\/usina1\/wp-json\/wp\/v2\/posts"}],"about":[{"href":"http:\/\/enteculturalsantafesino.com.ar\/usina1\/wp-json\/wp\/v2\/types\/post"}],"author":[{"embeddable":true,"href":"http:\/\/enteculturalsantafesino.com.ar\/usina1\/wp-json\/wp\/v2\/users\/3"}],"replies":[{"embeddable":true,"href":"http:\/\/enteculturalsantafesino.com.ar\/usina1\/wp-json\/wp\/v2\/comments?post=12807"}],"version-history":[{"count":0,"href":"http:\/\/enteculturalsantafesino.com.ar\/usina1\/wp-json\/wp\/v2\/posts\/12807\/revisions"}],"wp:featuredmedia":[{"embeddable":true,"href":"http:\/\/enteculturalsantafesino.com.ar\/usina1\/wp-json\/wp\/v2\/media\/12808"}],"wp:attachment":[{"href":"http:\/\/enteculturalsantafesino.com.ar\/usina1\/wp-json\/wp\/v2\/media?parent=12807"}],"wp:term":[{"taxonomy":"category","embeddable":true,"href":"http:\/\/enteculturalsantafesino.com.ar\/usina1\/wp-json\/wp\/v2\/categories?post=12807"},{"taxonomy":"post_tag","embeddable":true,"href":"http:\/\/enteculturalsantafesino.com.ar\/usina1\/wp-json\/wp\/v2\/tags?post=12807"}],"curies":[{"name":"wp","href":"https:\/\/api.w.org\/{rel}","templated":true}]}}