{"id":12810,"date":"2014-04-07T14:49:59","date_gmt":"2014-04-07T14:49:59","guid":{"rendered":"http:\/\/entecultura.com.ar\/usina1\/?p=12810"},"modified":"2014-04-07T14:49:59","modified_gmt":"2014-04-07T14:49:59","slug":"carlos-pellegrini-primer-encuentro-del-taller-para-la-memoria","status":"publish","type":"post","link":"http:\/\/enteculturalsantafesino.com.ar\/usina1\/2014\/04\/carlos-pellegrini-primer-encuentro-del-taller-para-la-memoria\/","title":{"rendered":"Carlos Pellegrini: Primer Encuentro del Taller para la Memoria"},"content":{"rendered":"<p><strong>Ayer comenzaron las reuniones, dirigidas por la Licenciada en Psicolog\u00eda, Mar\u00eda Eugenia Rueda<\/strong>, con mujeres <a href=\"http:\/\/enteculturalsantafesino.com.ar\/usina1\/wp-content\/uploads\/2014\/04\/phpThumb_generated_thumbnail.jpeg\" rel=\"lightbox[12810]\"><img loading=\"lazy\" decoding=\"async\" class=\"alignright size-full wp-image-12811\" alt=\"phpThumb_generated_thumbnail\" src=\"http:\/\/enteculturalsantafesino.com.ar\/usina1\/wp-content\/uploads\/2014\/04\/phpThumb_generated_thumbnail.jpeg\" width=\"200\" height=\"150\" \/><\/a>pertenecientes al <strong>Taller de la Memoria<\/strong> de a\u00f1os anteriores y que, gracias a la <strong>Secretar\u00eda de Educaci\u00f3n y Cultura de la Comuna de Carlos Pellegrini<\/strong>, podr\u00e1n seguir asistiendo.<\/p>\n<p>Con la presencia de m\u00e1s de cuarenta mujeres de la tercera edad, la Secretaria de Educaci\u00f3n y Cultura, Mabel Menegozzi y quien va a estar a cargo del Taller de la Memoria, Licenciada en Psicolog\u00eda, Mar\u00eda Eugenia Rueda, se realiz\u00f3 el primer encuentro en Sala de Reuniones de la Comuna.<\/p>\n<p>Sobre los objetivos de dicho taller la licenciada dijo:<em> \u201ctiene como fin ejercitar la mente, estimulando los distintos tipos de memoria, para preservar las funciones cognitivas, ya que sabemos que con el paso de los a\u00f1os aparece un deterioro cognitivo normal y la p\u00e9rdida de memoria es una de los temas que m\u00e1s preocupaci\u00f3n genera\u201d.<\/em><em>\u00a0 \u00a0 \u00a0\u00a0<\/em><\/p>\n<p>Refiri\u00e9ndose a actividades coment\u00f3:<em> \u201cen los encuentros se va a trabajar con distintas actividades destinadas a preservar las capacidades funcionales y se har\u00e1 desde lo l\u00fadico, generando un espacio placentero. Este es el primer a\u00f1o que estoy a cargo del taller, as\u00ed que tengo mucho entusiasmo y una gran expectativa\u201d.<\/em><\/p>\n<p>Finalmente confirm\u00f3 los horarios e invit\u00f3 a sumarse: <em>\u201cLos encuentros tendr\u00e1n lugar en la sala de reuniones de la comuna los d\u00edas <strong>mi\u00e9rcoles a las 15 hs y a las 16.30 hs<\/strong> .Y los d\u00edas<strong> jueves a las 15 hs, con una hora y media de duraci\u00f3n cada grupo<\/strong>. <strong>Comenzamos el pr\u00f3ximo mi\u00e9rcoles 9 de abril<\/strong>. Para quienes no pudieron asistir hoy a la reuni\u00f3n, invitamos que se acerquen a la comuna y se anoten en uno de los grupos\u201d.<\/em><\/p>\n<p><em>\u00a0\u00a0\u00a0\u00a0\u00a0\u00a0 \u00a0\u00a0\u00a0 <\/em><\/p>\n","protected":false},"excerpt":{"rendered":"<p>Ayer comenzaron las reuniones, dirigidas por la Licenciada en Psicolog\u00eda, Mar\u00eda Eugenia Rueda, con mujeres pertenecientes al [&hellip;]<\/p>\n","protected":false},"author":3,"featured_media":12811,"comment_status":"closed","ping_status":"closed","sticky":false,"template":"","format":"standard","meta":{"_jetpack_memberships_contains_paid_content":false,"footnotes":"","jetpack_publicize_message":"","jetpack_publicize_feature_enabled":true,"jetpack_social_post_already_shared":false,"jetpack_social_options":{"image_generator_settings":{"template":"highway","enabled":false}}},"categories":[23],"tags":[],"jetpack_publicize_connections":[],"jetpack_sharing_enabled":true,"jetpack_featured_media_url":"http:\/\/enteculturalsantafesino.com.ar\/usina1\/wp-content\/uploads\/2014\/04\/phpThumb_generated_thumbnail.jpeg","_links":{"self":[{"href":"http:\/\/enteculturalsantafesino.com.ar\/usina1\/wp-json\/wp\/v2\/posts\/12810"}],"collection":[{"href":"http:\/\/enteculturalsantafesino.com.ar\/usina1\/wp-json\/wp\/v2\/posts"}],"about":[{"href":"http:\/\/enteculturalsantafesino.com.ar\/usina1\/wp-json\/wp\/v2\/types\/post"}],"author":[{"embeddable":true,"href":"http:\/\/enteculturalsantafesino.com.ar\/usina1\/wp-json\/wp\/v2\/users\/3"}],"replies":[{"embeddable":true,"href":"http:\/\/enteculturalsantafesino.com.ar\/usina1\/wp-json\/wp\/v2\/comments?post=12810"}],"version-history":[{"count":0,"href":"http:\/\/enteculturalsantafesino.com.ar\/usina1\/wp-json\/wp\/v2\/posts\/12810\/revisions"}],"wp:featuredmedia":[{"embeddable":true,"href":"http:\/\/enteculturalsantafesino.com.ar\/usina1\/wp-json\/wp\/v2\/media\/12811"}],"wp:attachment":[{"href":"http:\/\/enteculturalsantafesino.com.ar\/usina1\/wp-json\/wp\/v2\/media?parent=12810"}],"wp:term":[{"taxonomy":"category","embeddable":true,"href":"http:\/\/enteculturalsantafesino.com.ar\/usina1\/wp-json\/wp\/v2\/categories?post=12810"},{"taxonomy":"post_tag","embeddable":true,"href":"http:\/\/enteculturalsantafesino.com.ar\/usina1\/wp-json\/wp\/v2\/tags?post=12810"}],"curies":[{"name":"wp","href":"https:\/\/api.w.org\/{rel}","templated":true}]}}