{"id":12870,"date":"2014-04-17T12:52:55","date_gmt":"2014-04-17T12:52:55","guid":{"rendered":"http:\/\/entecultura.com.ar\/usina1\/?p=12870"},"modified":"2014-04-17T13:07:41","modified_gmt":"2014-04-17T13:07:41","slug":"canada-de-gomez-lanzo-el-programa-regional-cultura-positiva","status":"publish","type":"post","link":"http:\/\/enteculturalsantafesino.com.ar\/usina1\/2014\/04\/canada-de-gomez-lanzo-el-programa-regional-cultura-positiva\/","title":{"rendered":"Ca\u00f1ada de G\u00f3mez lanz\u00f3 el Programa Regional Cultura Positiva"},"content":{"rendered":"<p><strong>La iniciativa del municipio que comenz\u00f3 el domingo, en Plaza San Martin, impulsa el intercambio de expresiones <a href=\"http:\/\/enteculturalsantafesino.com.ar\/usina1\/wp-content\/uploads\/2014\/04\/g.jpg\" rel=\"lightbox[12870]\"><img loading=\"lazy\" decoding=\"async\" class=\"alignright size-full wp-image-12872\" src=\"http:\/\/enteculturalsantafesino.com.ar\/usina1\/wp-content\/uploads\/2014\/04\/g.jpg\" alt=\"g\" width=\"260\" height=\"195\" \/><\/a>culturales entre todo el departamento Iriondo.\u00a0<\/strong><\/p>\n<p>La intendenta Stella Cl\u00e9rici hizo el lanzamiento oficial del programa municipal Cultura Positiva, que proyecta durante 2014 difundir la producci\u00f3n art\u00edstica de distintas localidades del Departamento Iriondo. En su inicio participaron la Academia Municipal de Danzas Ra\u00edces de Serodino dirigida por Edgard Corral y la m\u00fasica folcl\u00f3rica del tr\u00edo integrado por Facundo Arcec, Juan Tonelli y Gast\u00f3n Arcec provenientes de Correa.<\/p>\n<p>Las actividades se desarrollar\u00e1n durante todo el a\u00f1o y pretenden generar un circuito art\u00edstico regional con m\u00fasicos, cuerpos y parejas de baile, poetas y escritores, artesanos y artistas pl\u00e1sticos, entre otros. \u201cCon el programa municipal Cultura Positiva queremos difundir en toda la regi\u00f3n a los artistas de Ca\u00f1ada de G\u00f3mez y de localidades vecinas generando un espacio en el que podamos darle lugar a todas las expresiones art\u00edsticas\u201d, se\u00f1al\u00f3 Cl\u00e9rici.<\/p>\n<p>La jornada se complet\u00f3 con la presencia de integrantes del Programa Municipal Ca\u00f1ada Saludable, quienes entregaron folletos con un balance de las actividades realizadas, los resultados de un trabajo de relevamiento sobre enfermedades y la gu\u00eda de las actividades que realizar\u00e1n en este a\u00f1o. Mientras que los m\u00e1s chicos de la familia pintaron palomitas, jugaron con rompecabezas y compartieron cuentos a cargo de M\u00f3nica Zadra y Gabriela Fern\u00e1ndez, en el marco de los ya cl\u00e1sicos \u00abDomingos en Familia\u00bb.<\/p>\n","protected":false},"excerpt":{"rendered":"<p>La iniciativa del municipio que comenz\u00f3 el domingo, en Plaza San Martin, impulsa el intercambio de expresiones [&hellip;]<\/p>\n","protected":false},"author":3,"featured_media":12872,"comment_status":"closed","ping_status":"closed","sticky":false,"template":"","format":"standard","meta":{"_jetpack_memberships_contains_paid_content":false,"footnotes":"","jetpack_publicize_message":"","jetpack_publicize_feature_enabled":true,"jetpack_social_post_already_shared":false,"jetpack_social_options":{"image_generator_settings":{"template":"highway","enabled":false}}},"categories":[11],"tags":[],"jetpack_publicize_connections":[],"jetpack_sharing_enabled":true,"jetpack_featured_media_url":"http:\/\/enteculturalsantafesino.com.ar\/usina1\/wp-content\/uploads\/2014\/04\/g.jpg","_links":{"self":[{"href":"http:\/\/enteculturalsantafesino.com.ar\/usina1\/wp-json\/wp\/v2\/posts\/12870"}],"collection":[{"href":"http:\/\/enteculturalsantafesino.com.ar\/usina1\/wp-json\/wp\/v2\/posts"}],"about":[{"href":"http:\/\/enteculturalsantafesino.com.ar\/usina1\/wp-json\/wp\/v2\/types\/post"}],"author":[{"embeddable":true,"href":"http:\/\/enteculturalsantafesino.com.ar\/usina1\/wp-json\/wp\/v2\/users\/3"}],"replies":[{"embeddable":true,"href":"http:\/\/enteculturalsantafesino.com.ar\/usina1\/wp-json\/wp\/v2\/comments?post=12870"}],"version-history":[{"count":0,"href":"http:\/\/enteculturalsantafesino.com.ar\/usina1\/wp-json\/wp\/v2\/posts\/12870\/revisions"}],"wp:featuredmedia":[{"embeddable":true,"href":"http:\/\/enteculturalsantafesino.com.ar\/usina1\/wp-json\/wp\/v2\/media\/12872"}],"wp:attachment":[{"href":"http:\/\/enteculturalsantafesino.com.ar\/usina1\/wp-json\/wp\/v2\/media?parent=12870"}],"wp:term":[{"taxonomy":"category","embeddable":true,"href":"http:\/\/enteculturalsantafesino.com.ar\/usina1\/wp-json\/wp\/v2\/categories?post=12870"},{"taxonomy":"post_tag","embeddable":true,"href":"http:\/\/enteculturalsantafesino.com.ar\/usina1\/wp-json\/wp\/v2\/tags?post=12870"}],"curies":[{"name":"wp","href":"https:\/\/api.w.org\/{rel}","templated":true}]}}