{"id":12874,"date":"2014-04-19T19:52:27","date_gmt":"2014-04-19T19:52:27","guid":{"rendered":"http:\/\/entecultura.com.ar\/usina1\/?p=12874"},"modified":"2014-04-19T19:52:27","modified_gmt":"2014-04-19T19:52:27","slug":"19-de-abril-dia-del-aborigen-americano","status":"publish","type":"post","link":"http:\/\/enteculturalsantafesino.com.ar\/usina1\/2014\/04\/19-de-abril-dia-del-aborigen-americano\/","title":{"rendered":"19 de abril- D\u00eda del Abor\u00edgen Americano"},"content":{"rendered":"<p>El <b>D\u00eda del Aborigen Americano<\/b> se celebra el 19 de abril de cada a\u00f1o, seg\u00fan la recomendaci\u00f3n surgida en el Primer Congreso Indigenista<a href=\"http:\/\/enteculturalsantafesino.com.ar\/usina1\/wp-content\/uploads\/2014\/04\/images2.jpg\" rel=\"lightbox[12874]\"><img loading=\"lazy\" decoding=\"async\" class=\"alignright size-full wp-image-12875\" src=\"http:\/\/enteculturalsantafesino.com.ar\/usina1\/wp-content\/uploads\/2014\/04\/images2.jpg\" alt=\"images\" width=\"242\" height=\"208\" \/><\/a> Interamericano realizado ese mismo d\u00eda en 1940, en P\u00e1tzcuaro, estado de Michoac\u00e1n, M\u00e9xico.<\/p>\n<p>La convocatoria al congreso la realiz\u00f3 L\u00e1zaro C\u00e1rdenas durante su mandato como presidente de M\u00e9xico. Participaron delegaciones oficiales de los pa\u00edses integrantes de la Uni\u00f3n Panamericana, y de algunos grupos ind\u00edgenas.\u00a0El objetivo del congreso fue analizar la situaci\u00f3n de los ind\u00edgenas y encontrar puntos en com\u00fan para poder enfrentar las adversidades.A partir de este congreso se fund\u00f3 el Instituto Indigenista Interamericano, con sede en M\u00e9xico, dependiente de la Organizaci\u00f3n de Estados Americanos.<\/p>\n<p>En Brasil se celebra como el <b>Dia do\u00a0Indio<\/b>\u00a0habiendo sido establecido por el presidente Get\u00falio Vargas en 1943.<\/p>\n<p>En Argentina se instituy\u00f3 la conmemoraci\u00f3n de la fecha en 1945, por decreto n.\u00ba 7550 del Poder Ejecutivo Nacional.\u00a0Sin embargo reci\u00e9n en 1994 se reconoci\u00f3 en la Constituci\u00f3n Nacional,\u00a0en el art\u00edculo 75 inciso 17, la preexistencia de los pueblos originarios, el derecho y respeto a su identidad, el derecho a una educaci\u00f3n intercultural y el reconocimiento de la personer\u00eda jur\u00eddica de sus comunidades, entre otros derechos.<sup id=\"cite_ref-HJ2_3-1\" class=\"reference\"><\/sup><\/p>\n","protected":false},"excerpt":{"rendered":"<p>El D\u00eda del Aborigen Americano se celebra el 19 de abril de cada a\u00f1o, seg\u00fan la recomendaci\u00f3n [&hellip;]<\/p>\n","protected":false},"author":3,"featured_media":12875,"comment_status":"closed","ping_status":"closed","sticky":false,"template":"","format":"standard","meta":{"_jetpack_memberships_contains_paid_content":false,"footnotes":"","jetpack_publicize_message":"","jetpack_publicize_feature_enabled":true,"jetpack_social_post_already_shared":false,"jetpack_social_options":{"image_generator_settings":{"template":"highway","enabled":false}}},"categories":[1],"tags":[],"jetpack_publicize_connections":[],"jetpack_sharing_enabled":true,"jetpack_featured_media_url":"http:\/\/enteculturalsantafesino.com.ar\/usina1\/wp-content\/uploads\/2014\/04\/images2.jpg","_links":{"self":[{"href":"http:\/\/enteculturalsantafesino.com.ar\/usina1\/wp-json\/wp\/v2\/posts\/12874"}],"collection":[{"href":"http:\/\/enteculturalsantafesino.com.ar\/usina1\/wp-json\/wp\/v2\/posts"}],"about":[{"href":"http:\/\/enteculturalsantafesino.com.ar\/usina1\/wp-json\/wp\/v2\/types\/post"}],"author":[{"embeddable":true,"href":"http:\/\/enteculturalsantafesino.com.ar\/usina1\/wp-json\/wp\/v2\/users\/3"}],"replies":[{"embeddable":true,"href":"http:\/\/enteculturalsantafesino.com.ar\/usina1\/wp-json\/wp\/v2\/comments?post=12874"}],"version-history":[{"count":0,"href":"http:\/\/enteculturalsantafesino.com.ar\/usina1\/wp-json\/wp\/v2\/posts\/12874\/revisions"}],"wp:featuredmedia":[{"embeddable":true,"href":"http:\/\/enteculturalsantafesino.com.ar\/usina1\/wp-json\/wp\/v2\/media\/12875"}],"wp:attachment":[{"href":"http:\/\/enteculturalsantafesino.com.ar\/usina1\/wp-json\/wp\/v2\/media?parent=12874"}],"wp:term":[{"taxonomy":"category","embeddable":true,"href":"http:\/\/enteculturalsantafesino.com.ar\/usina1\/wp-json\/wp\/v2\/categories?post=12874"},{"taxonomy":"post_tag","embeddable":true,"href":"http:\/\/enteculturalsantafesino.com.ar\/usina1\/wp-json\/wp\/v2\/tags?post=12874"}],"curies":[{"name":"wp","href":"https:\/\/api.w.org\/{rel}","templated":true}]}}