{"id":12877,"date":"2014-04-21T23:56:13","date_gmt":"2014-04-21T23:56:13","guid":{"rendered":"http:\/\/entecultura.com.ar\/usina1\/?p=12877"},"modified":"2014-04-21T23:56:13","modified_gmt":"2014-04-21T23:56:13","slug":"feria-de-artesanos-un-clasico-de-san-genaro-con-exito-asegurado","status":"publish","type":"post","link":"http:\/\/enteculturalsantafesino.com.ar\/usina1\/2014\/04\/feria-de-artesanos-un-clasico-de-san-genaro-con-exito-asegurado\/","title":{"rendered":"Feria de Artesanos: Un cl\u00e1sico de San Genaro, con \u00e9xito asegurado"},"content":{"rendered":"<div id=\"id_5355aef8102338f49293966\" class=\"text_exposed_root text_exposed\">A pleno sol los sangenarinos disfrutaron de una nueva edici\u00f3n de la Feria de Artesanos y Emprendedores que organiza la Coordinaci\u00f3n <a href=\"http:\/\/enteculturalsantafesino.com.ar\/usina1\/wp-content\/uploads\/2014\/04\/10255285_744040262293736_1675178364644147640_n.jpg\" rel=\"lightbox[12877]\"><img loading=\"lazy\" decoding=\"async\" class=\"alignright size-medium wp-image-12878\" src=\"http:\/\/enteculturalsantafesino.com.ar\/usina1\/wp-content\/uploads\/2014\/04\/10255285_744040262293736_1675178364644147640_n-300x225.jpg\" alt=\"10255285_744040262293736_1675178364644147640_n\" width=\"300\" height=\"225\" srcset=\"http:\/\/enteculturalsantafesino.com.ar\/usina1\/wp-content\/uploads\/2014\/04\/10255285_744040262293736_1675178364644147640_n-300x225.jpg 300w, http:\/\/enteculturalsantafesino.com.ar\/usina1\/wp-content\/uploads\/2014\/04\/10255285_744040262293736_1675178364644147640_n.jpg 960w\" sizes=\"(max-width: 300px) 100vw, 300px\" \/><\/a>de Producci\u00f3n del Municipio.<\/p>\n<p>Con una oferta variada los expositores exhibieron sus productos a la gran cant<span class=\"text_exposed_hide\">&#8230;<\/span><span class=\"text_exposed_show\">idad de p\u00fablico que se dio cita en la Plaza del Avi\u00f3n ubicada en la zona oeste de la ciudad.<\/p>\n<p>El coordinador del \u00c1rea, T\u00e9c. Franco Brunachi coment\u00f3 \u201cestuve charlando con nuestros emprendedores y el balance es muy positivo. El clima nos acompa\u00f1\u00f3 y cada expositor pudo comercializar lo que trajo a la feria. Los sangenarinos conf\u00edan en estos productos que ya son una marca registrada en la regi\u00f3n\u201d Adem\u00e1s sostuvo \u201ces nuestro objetivo seguir acompa\u00f1\u00e1ndolos en sus crecimiento, es por ello que realizamos estas ferias una vez por mes en distintos puntos de la ciudad para que todos los sangenarinos tengan la oportunidad de conocer las cosas que se realizan en nuestra ciudad\u201d.<\/p>\n<p>Tambi\u00e9n aclar\u00f3 \u201calgunos pudieron vender m\u00e1s que otros sobre todo aquellos que venden panificados y sus derivados, pero tambi\u00e9n hay que tener en cuenta que los artesanos no solo venden sino que establecen un contacto que les permite generar trabajo durante todo el a\u00f1o\u201d.<\/p>\n<p>La tarde de mates y charlas tuvo un gran atractivo para los m\u00e1s chicos que pudieron disfrutar de forma gratuita el Toro Mec\u00e1nico y el <a href=\"http:\/\/enteculturalsantafesino.com.ar\/usina1\/wp-content\/uploads\/2014\/04\/1530568_744042785626817_4741151466134320313_n.jpg\" rel=\"lightbox[12877]\"><img loading=\"lazy\" decoding=\"async\" class=\"alignright size-medium wp-image-12879\" src=\"http:\/\/enteculturalsantafesino.com.ar\/usina1\/wp-content\/uploads\/2014\/04\/1530568_744042785626817_4741151466134320313_n-300x225.jpg\" alt=\"1530568_744042785626817_4741151466134320313_n\" width=\"300\" height=\"225\" srcset=\"http:\/\/enteculturalsantafesino.com.ar\/usina1\/wp-content\/uploads\/2014\/04\/1530568_744042785626817_4741151466134320313_n-300x225.jpg 300w, http:\/\/enteculturalsantafesino.com.ar\/usina1\/wp-content\/uploads\/2014\/04\/1530568_744042785626817_4741151466134320313_n.jpg 960w\" sizes=\"(max-width: 300px) 100vw, 300px\" \/><\/a>Metegol. Adem\u00e1s el municipio obsequi\u00f3 Huevos de Pascua. El lado cultural tambi\u00e9n estuvo presente en la Feria de la mano de \u201cAgust\u00edn y la Parranda\u201d que eligi\u00f3 San Genaro para realizar su \u00faltimo show, m\u00e1s de 10 a\u00f1os sobre los escenarios tuvieron su punto culmine en la tarde de ayer.<\/p>\n<p>La Feria de Artesanos y Emprendedores no solo crece sino que toma relevancia en la regi\u00f3n y ya es modelo a imitar en otras ciudades de la provincia. Esto incita a nuestros feriantes a mejorar la calidad de los productos y perfeccionarse d\u00eda a d\u00eda.<\/span><span class=\"text_exposed_hide\">\u00a0<\/span><\/div>\n<p>&nbsp;<\/p>\n","protected":false},"excerpt":{"rendered":"<p>A pleno sol los sangenarinos disfrutaron de una nueva edici\u00f3n de la Feria de Artesanos y Emprendedores [&hellip;]<\/p>\n","protected":false},"author":3,"featured_media":12878,"comment_status":"closed","ping_status":"closed","sticky":false,"template":"","format":"standard","meta":{"_jetpack_memberships_contains_paid_content":false,"footnotes":"","jetpack_publicize_message":"","jetpack_publicize_feature_enabled":true,"jetpack_social_post_already_shared":false,"jetpack_social_options":{"image_generator_settings":{"template":"highway","enabled":false}}},"categories":[28],"tags":[],"jetpack_publicize_connections":[],"jetpack_sharing_enabled":true,"jetpack_featured_media_url":"http:\/\/enteculturalsantafesino.com.ar\/usina1\/wp-content\/uploads\/2014\/04\/10255285_744040262293736_1675178364644147640_n.jpg","_links":{"self":[{"href":"http:\/\/enteculturalsantafesino.com.ar\/usina1\/wp-json\/wp\/v2\/posts\/12877"}],"collection":[{"href":"http:\/\/enteculturalsantafesino.com.ar\/usina1\/wp-json\/wp\/v2\/posts"}],"about":[{"href":"http:\/\/enteculturalsantafesino.com.ar\/usina1\/wp-json\/wp\/v2\/types\/post"}],"author":[{"embeddable":true,"href":"http:\/\/enteculturalsantafesino.com.ar\/usina1\/wp-json\/wp\/v2\/users\/3"}],"replies":[{"embeddable":true,"href":"http:\/\/enteculturalsantafesino.com.ar\/usina1\/wp-json\/wp\/v2\/comments?post=12877"}],"version-history":[{"count":0,"href":"http:\/\/enteculturalsantafesino.com.ar\/usina1\/wp-json\/wp\/v2\/posts\/12877\/revisions"}],"wp:featuredmedia":[{"embeddable":true,"href":"http:\/\/enteculturalsantafesino.com.ar\/usina1\/wp-json\/wp\/v2\/media\/12878"}],"wp:attachment":[{"href":"http:\/\/enteculturalsantafesino.com.ar\/usina1\/wp-json\/wp\/v2\/media?parent=12877"}],"wp:term":[{"taxonomy":"category","embeddable":true,"href":"http:\/\/enteculturalsantafesino.com.ar\/usina1\/wp-json\/wp\/v2\/categories?post=12877"},{"taxonomy":"post_tag","embeddable":true,"href":"http:\/\/enteculturalsantafesino.com.ar\/usina1\/wp-json\/wp\/v2\/tags?post=12877"}],"curies":[{"name":"wp","href":"https:\/\/api.w.org\/{rel}","templated":true}]}}