{"id":12885,"date":"2014-04-22T17:17:24","date_gmt":"2014-04-22T17:17:24","guid":{"rendered":"http:\/\/entecultura.com.ar\/usina1\/?p=12885"},"modified":"2014-04-22T17:17:24","modified_gmt":"2014-04-22T17:17:24","slug":"carlos-pellegrini-bruno-orgaz-sigue-brillando","status":"publish","type":"post","link":"http:\/\/enteculturalsantafesino.com.ar\/usina1\/2014\/04\/carlos-pellegrini-bruno-orgaz-sigue-brillando\/","title":{"rendered":"Carlos Pellegrini: Bruno Orgaz sigue brillando!"},"content":{"rendered":"<p>Los pellegrinenses en las redes sociales durante esta ma\u00f1ana, replicaron una y otra vez el gran momento art\u00edstico de Bruno Orgaz. Ya se <a href=\"http:\/\/enteculturalsantafesino.com.ar\/usina1\/wp-content\/uploads\/2014\/04\/phpThumb_generated_thumbnail2.jpeg\" rel=\"lightbox[12885]\"><img loading=\"lazy\" decoding=\"async\" class=\"alignright size-full wp-image-12886\" src=\"http:\/\/enteculturalsantafesino.com.ar\/usina1\/wp-content\/uploads\/2014\/04\/phpThumb_generated_thumbnail2.jpeg\" alt=\"phpThumb_generated_thumbnail\" width=\"200\" height=\"150\" \/><\/a>present\u00f3 con la mexicana Alejandra Guzm\u00e1n en Telef\u00e9, y esta tarde estar\u00e1 en otro canal.<\/p>\n<p>Con alegr\u00eda y orgullo, los pellegrinenses se hicieron eco del buen momento profesional del pianista Bruno Orgaz, que siempre tan humildemente brillante, acompa\u00f1a a grandes artistas nacionales o internacionales, como el caso de la cantante mexicana.<\/p>\n<p>Por la tarde estar\u00e1 en Pura Qu\u00edmica por ESPN, a partir de las 18 hs.<\/p>\n<p><em><strong>fuente: portalpellegrinense.com.ar<\/strong><\/em><\/p>\n","protected":false},"excerpt":{"rendered":"<p>Los pellegrinenses en las redes sociales durante esta ma\u00f1ana, replicaron una y otra vez el gran momento [&hellip;]<\/p>\n","protected":false},"author":3,"featured_media":12886,"comment_status":"closed","ping_status":"closed","sticky":false,"template":"","format":"standard","meta":{"_jetpack_memberships_contains_paid_content":false,"footnotes":"","jetpack_publicize_message":"","jetpack_publicize_feature_enabled":true,"jetpack_social_post_already_shared":false,"jetpack_social_options":{"image_generator_settings":{"template":"highway","enabled":false}}},"categories":[23],"tags":[],"jetpack_publicize_connections":[],"jetpack_sharing_enabled":true,"jetpack_featured_media_url":"http:\/\/enteculturalsantafesino.com.ar\/usina1\/wp-content\/uploads\/2014\/04\/phpThumb_generated_thumbnail2.jpeg","_links":{"self":[{"href":"http:\/\/enteculturalsantafesino.com.ar\/usina1\/wp-json\/wp\/v2\/posts\/12885"}],"collection":[{"href":"http:\/\/enteculturalsantafesino.com.ar\/usina1\/wp-json\/wp\/v2\/posts"}],"about":[{"href":"http:\/\/enteculturalsantafesino.com.ar\/usina1\/wp-json\/wp\/v2\/types\/post"}],"author":[{"embeddable":true,"href":"http:\/\/enteculturalsantafesino.com.ar\/usina1\/wp-json\/wp\/v2\/users\/3"}],"replies":[{"embeddable":true,"href":"http:\/\/enteculturalsantafesino.com.ar\/usina1\/wp-json\/wp\/v2\/comments?post=12885"}],"version-history":[{"count":0,"href":"http:\/\/enteculturalsantafesino.com.ar\/usina1\/wp-json\/wp\/v2\/posts\/12885\/revisions"}],"wp:featuredmedia":[{"embeddable":true,"href":"http:\/\/enteculturalsantafesino.com.ar\/usina1\/wp-json\/wp\/v2\/media\/12886"}],"wp:attachment":[{"href":"http:\/\/enteculturalsantafesino.com.ar\/usina1\/wp-json\/wp\/v2\/media?parent=12885"}],"wp:term":[{"taxonomy":"category","embeddable":true,"href":"http:\/\/enteculturalsantafesino.com.ar\/usina1\/wp-json\/wp\/v2\/categories?post=12885"},{"taxonomy":"post_tag","embeddable":true,"href":"http:\/\/enteculturalsantafesino.com.ar\/usina1\/wp-json\/wp\/v2\/tags?post=12885"}],"curies":[{"name":"wp","href":"https:\/\/api.w.org\/{rel}","templated":true}]}}