{"id":12889,"date":"2014-04-22T21:38:11","date_gmt":"2014-04-22T21:38:11","guid":{"rendered":"http:\/\/entecultura.com.ar\/usina1\/?p=12889"},"modified":"2014-04-22T21:38:11","modified_gmt":"2014-04-22T21:38:11","slug":"la-biblia-vox-dei-por-musicos-canadenses","status":"publish","type":"post","link":"http:\/\/enteculturalsantafesino.com.ar\/usina1\/2014\/04\/la-biblia-vox-dei-por-musicos-canadenses\/","title":{"rendered":"La Biblia Vox Dei por m\u00fasicos ca\u00f1adenses"},"content":{"rendered":"<p>El pr\u00f3ximo <strong>4 de mayo<\/strong> y a partir de las <strong>16hs<\/strong>\u00a0en <strong>Plaza San Mart\u00edn<\/strong>, un grupo de m\u00fasicos ca\u00f1adenses, interpretar\u00e1n <strong>La Biblia de Vox <a href=\"http:\/\/enteculturalsantafesino.com.ar\/usina1\/wp-content\/uploads\/2014\/04\/10305600_10203915991885304_3359738134707529424_n.jpg\" rel=\"lightbox[12889]\"><img loading=\"lazy\" decoding=\"async\" class=\"alignright size-medium wp-image-12890\" src=\"http:\/\/enteculturalsantafesino.com.ar\/usina1\/wp-content\/uploads\/2014\/04\/10305600_10203915991885304_3359738134707529424_n-211x300.jpg\" alt=\"10305600_10203915991885304_3359738134707529424_n\" width=\"211\" height=\"300\" srcset=\"http:\/\/enteculturalsantafesino.com.ar\/usina1\/wp-content\/uploads\/2014\/04\/10305600_10203915991885304_3359738134707529424_n-211x300.jpg 211w, http:\/\/enteculturalsantafesino.com.ar\/usina1\/wp-content\/uploads\/2014\/04\/10305600_10203915991885304_3359738134707529424_n.jpg 279w\" sizes=\"(max-width: 211px) 100vw, 211px\" \/><\/a>Dei.<\/strong><\/p>\n<p><b>Vox Dei<\/b> <em>es una banda argentina de rock procedente de la localidad de Quilmes (Gran Buenos Aires, Provincia de Buenos Aires), formada en 1967, y es considerada tambi\u00e9n una de las pioneras del Rock argentino. Adem\u00e1s de ser una de las pocas bandas en actividad de aquella generaci\u00f3n.<\/em><\/p>\n<p><em>Su \u00e9xito \u00abPresente (El momento en que est\u00e1s)\u00bb ha sido considerada la s\u00e9ptima mejor canci\u00f3n de la historia del rock argentino por la cadena MTV y la revista Rolling Stone, en tanto que \u00abLibros sapienciales\u00bb fue considerada la N.\u00ba 16, por el sitio web Rock.com.ar.<\/em><\/p>\n<p><em>Entre sus hitos m\u00e1s importantes se destacan el haber realizado un \u00e1lbum conceptual basado en textos y poemas de la Sagrada Escritura: La Biblia, de 1971, disco pionero en su tipo, en el \u00e1mbito del Rock en espa\u00f1ol.<\/em><\/p>\n","protected":false},"excerpt":{"rendered":"<p>El pr\u00f3ximo 4 de mayo y a partir de las 16hs\u00a0en Plaza San Mart\u00edn, un grupo de [&hellip;]<\/p>\n","protected":false},"author":3,"featured_media":12890,"comment_status":"closed","ping_status":"closed","sticky":false,"template":"","format":"standard","meta":{"_jetpack_memberships_contains_paid_content":false,"footnotes":"","jetpack_publicize_message":"","jetpack_publicize_feature_enabled":true,"jetpack_social_post_already_shared":false,"jetpack_social_options":{"image_generator_settings":{"template":"highway","enabled":false}}},"categories":[11],"tags":[],"jetpack_publicize_connections":[],"jetpack_sharing_enabled":true,"jetpack_featured_media_url":"http:\/\/enteculturalsantafesino.com.ar\/usina1\/wp-content\/uploads\/2014\/04\/10305600_10203915991885304_3359738134707529424_n.jpg","_links":{"self":[{"href":"http:\/\/enteculturalsantafesino.com.ar\/usina1\/wp-json\/wp\/v2\/posts\/12889"}],"collection":[{"href":"http:\/\/enteculturalsantafesino.com.ar\/usina1\/wp-json\/wp\/v2\/posts"}],"about":[{"href":"http:\/\/enteculturalsantafesino.com.ar\/usina1\/wp-json\/wp\/v2\/types\/post"}],"author":[{"embeddable":true,"href":"http:\/\/enteculturalsantafesino.com.ar\/usina1\/wp-json\/wp\/v2\/users\/3"}],"replies":[{"embeddable":true,"href":"http:\/\/enteculturalsantafesino.com.ar\/usina1\/wp-json\/wp\/v2\/comments?post=12889"}],"version-history":[{"count":0,"href":"http:\/\/enteculturalsantafesino.com.ar\/usina1\/wp-json\/wp\/v2\/posts\/12889\/revisions"}],"wp:featuredmedia":[{"embeddable":true,"href":"http:\/\/enteculturalsantafesino.com.ar\/usina1\/wp-json\/wp\/v2\/media\/12890"}],"wp:attachment":[{"href":"http:\/\/enteculturalsantafesino.com.ar\/usina1\/wp-json\/wp\/v2\/media?parent=12889"}],"wp:term":[{"taxonomy":"category","embeddable":true,"href":"http:\/\/enteculturalsantafesino.com.ar\/usina1\/wp-json\/wp\/v2\/categories?post=12889"},{"taxonomy":"post_tag","embeddable":true,"href":"http:\/\/enteculturalsantafesino.com.ar\/usina1\/wp-json\/wp\/v2\/tags?post=12889"}],"curies":[{"name":"wp","href":"https:\/\/api.w.org\/{rel}","templated":true}]}}