{"id":12909,"date":"2014-04-25T14:02:56","date_gmt":"2014-04-25T14:02:56","guid":{"rendered":"http:\/\/entecultura.com.ar\/usina1\/?p=12909"},"modified":"2014-04-25T14:02:56","modified_gmt":"2014-04-25T14:02:56","slug":"el-trebol-alumnos-de-la-escuela-belgrano-visitaron-el-museo-municipal","status":"publish","type":"post","link":"http:\/\/enteculturalsantafesino.com.ar\/usina1\/2014\/04\/el-trebol-alumnos-de-la-escuela-belgrano-visitaron-el-museo-municipal\/","title":{"rendered":"El Tr\u00e9bol: Alumnos de la Escuela Belgrano visitaron el Museo Municipal"},"content":{"rendered":"<p>Alumnos de 2\u00ba grado de la Escuela Manuel Belgrano N\u00ba 275 de El Tr\u00e9bol visitaron en la ma\u00f1ana del mi\u00e9rcoles 23 de abril el Museo <a href=\"http:\/\/enteculturalsantafesino.com.ar\/usina1\/wp-content\/uploads\/2014\/04\/149.jpg\" rel=\"lightbox[12909]\"><img loading=\"lazy\" decoding=\"async\" class=\"alignright size-medium wp-image-12910\" src=\"http:\/\/enteculturalsantafesino.com.ar\/usina1\/wp-content\/uploads\/2014\/04\/149-300x225.jpg\" alt=\"149\" width=\"300\" height=\"225\" srcset=\"http:\/\/enteculturalsantafesino.com.ar\/usina1\/wp-content\/uploads\/2014\/04\/149-300x225.jpg 300w, http:\/\/enteculturalsantafesino.com.ar\/usina1\/wp-content\/uploads\/2014\/04\/149.jpg 800w\" sizes=\"(max-width: 300px) 100vw, 300px\" \/><\/a>Municipal de la ciudad.<\/p>\n<p>Fue en el marco de una investigaci\u00f3n que los peque\u00f1os realizaron sobre el barrio donde se encuentra ubicada la instituci\u00f3n educativa.<\/p>\n<p>Los ni\u00f1os recorrieron el edificio, las distintas salas, \u00a0miraron fotos antiguas y escucharon el relato que les realiz\u00f3 la Directora del Museo Prof. Soledad Rosso, estableciendo de esta manera un v\u00ednculo de ense\u00f1anza-aprendizaje entre el Museo de El Tr\u00e9bol y la Escuela.<\/p>\n<p>Los alumnos del turno tarde tambi\u00e9n realizar\u00e1n esta experiencia.<\/p>\n","protected":false},"excerpt":{"rendered":"<p>Alumnos de 2\u00ba grado de la Escuela Manuel Belgrano N\u00ba 275 de El Tr\u00e9bol visitaron en la [&hellip;]<\/p>\n","protected":false},"author":3,"featured_media":12910,"comment_status":"closed","ping_status":"closed","sticky":false,"template":"","format":"standard","meta":{"_jetpack_memberships_contains_paid_content":false,"footnotes":"","jetpack_publicize_message":"","jetpack_publicize_feature_enabled":true,"jetpack_social_post_already_shared":false,"jetpack_social_options":{"image_generator_settings":{"template":"highway","enabled":false}}},"categories":[18],"tags":[],"jetpack_publicize_connections":[],"jetpack_sharing_enabled":true,"jetpack_featured_media_url":"http:\/\/enteculturalsantafesino.com.ar\/usina1\/wp-content\/uploads\/2014\/04\/149.jpg","_links":{"self":[{"href":"http:\/\/enteculturalsantafesino.com.ar\/usina1\/wp-json\/wp\/v2\/posts\/12909"}],"collection":[{"href":"http:\/\/enteculturalsantafesino.com.ar\/usina1\/wp-json\/wp\/v2\/posts"}],"about":[{"href":"http:\/\/enteculturalsantafesino.com.ar\/usina1\/wp-json\/wp\/v2\/types\/post"}],"author":[{"embeddable":true,"href":"http:\/\/enteculturalsantafesino.com.ar\/usina1\/wp-json\/wp\/v2\/users\/3"}],"replies":[{"embeddable":true,"href":"http:\/\/enteculturalsantafesino.com.ar\/usina1\/wp-json\/wp\/v2\/comments?post=12909"}],"version-history":[{"count":0,"href":"http:\/\/enteculturalsantafesino.com.ar\/usina1\/wp-json\/wp\/v2\/posts\/12909\/revisions"}],"wp:featuredmedia":[{"embeddable":true,"href":"http:\/\/enteculturalsantafesino.com.ar\/usina1\/wp-json\/wp\/v2\/media\/12910"}],"wp:attachment":[{"href":"http:\/\/enteculturalsantafesino.com.ar\/usina1\/wp-json\/wp\/v2\/media?parent=12909"}],"wp:term":[{"taxonomy":"category","embeddable":true,"href":"http:\/\/enteculturalsantafesino.com.ar\/usina1\/wp-json\/wp\/v2\/categories?post=12909"},{"taxonomy":"post_tag","embeddable":true,"href":"http:\/\/enteculturalsantafesino.com.ar\/usina1\/wp-json\/wp\/v2\/tags?post=12909"}],"curies":[{"name":"wp","href":"https:\/\/api.w.org\/{rel}","templated":true}]}}