{"id":12912,"date":"2014-04-25T21:29:31","date_gmt":"2014-04-25T21:29:31","guid":{"rendered":"http:\/\/entecultura.com.ar\/usina1\/?p=12912"},"modified":"2014-04-25T21:29:31","modified_gmt":"2014-04-25T21:29:31","slug":"diego-baigorri-termino-su-residencia-en-italia-viaja-hacia-barcelona","status":"publish","type":"post","link":"http:\/\/enteculturalsantafesino.com.ar\/usina1\/2014\/04\/diego-baigorri-termino-su-residencia-en-italia-viaja-hacia-barcelona\/","title":{"rendered":"Diego Baigorri termin\u00f3 su residencia en Italia. Viaja hacia Barcelona"},"content":{"rendered":"<p>Diego Baigorri, artista pl\u00e1stico de Correa que est\u00e1 haciendo estancias de perfeccionamiento por Europa, acaba de terminar su estancia en<a href=\"http:\/\/enteculturalsantafesino.com.ar\/usina1\/wp-content\/uploads\/2014\/04\/10256418_10202369445492352_2430365793016960442_n.jpg\" rel=\"lightbox[12912]\"><img loading=\"lazy\" decoding=\"async\" class=\"alignright size-medium wp-image-12913\" src=\"http:\/\/enteculturalsantafesino.com.ar\/usina1\/wp-content\/uploads\/2014\/04\/10256418_10202369445492352_2430365793016960442_n-300x300.jpg\" alt=\"10256418_10202369445492352_2430365793016960442_n\" width=\"300\" height=\"300\" srcset=\"http:\/\/enteculturalsantafesino.com.ar\/usina1\/wp-content\/uploads\/2014\/04\/10256418_10202369445492352_2430365793016960442_n-300x300.jpg 300w, http:\/\/enteculturalsantafesino.com.ar\/usina1\/wp-content\/uploads\/2014\/04\/10256418_10202369445492352_2430365793016960442_n-150x150.jpg 150w, http:\/\/enteculturalsantafesino.com.ar\/usina1\/wp-content\/uploads\/2014\/04\/10256418_10202369445492352_2430365793016960442_n.jpg 850w\" sizes=\"(max-width: 300px) 100vw, 300px\" \/><\/a> La Macina di San Cresci, cercana a Florencia (Italia). Este s\u00e1bado 26 de abril viaja a Barcelona para otra residencia que extender\u00e1 hasta mediados de mayo. Y luego ser\u00e1 oportunidad de instalarse en Madrid.<\/p>\n<p>Seg\u00fan cont\u00f3 Diego a este medio, el 29 de abril tendr\u00e1 una audiencia con el Consul Adjunto de Cultura Argentino en Barcelona; habiendo adem\u00e1s realizado contactos para exponer sus trabajos en distintas ciudades y galer\u00edas. \u00ab<em>Es una posibilidad interesante, aunque algunas exposiciones son con costo. Ir\u00e9 viendo que se puede concretar\u00bb, <\/em>expres\u00f3.<em> \u00abPor ahora estoy satisfecho realizando la primera parte de este mi proyecto Nueva Voz, que es la realizaci\u00f3n de las residencias\u00bb.<\/em><\/p>\n<p>&nbsp;<\/p>\n<p><strong>Escrito en su blog<\/strong><\/p>\n<p><em>Hace tiempo, en Salsipuedes (C\u00f3rdoba), tras alejarme de mi familia y caminar un rato me sent\u00e9 debajo de un \u00e1rbol para realizar un boceto. Un boceto que nunca fue obra, pero que se convirti\u00f3 en texto. El mismo describ\u00eda muchas facetas del ser humano, la sociedad y su interrelaci\u00f3n. Ese texto fue el puntapi\u00e9 para lo que luego ser\u00eda Di\u00e1logos para Sebasti\u00e1n.<\/p>\n<p>Por cuestiones que escaparon de mi persona, pero con las que estuve de acuerdo, la agenda de residencias se conform\u00f3 con Greve (Firenze) en primer lugar. Desde el primer momento su fisonom\u00eda me record\u00f3 ese Salsipuedes donde a\u00f1o tras a\u00f1o \u00edbamos con mi familia.<\/p>\n<p>Por muchos motivos y casualidades\/causalidades, se diagram\u00f3 un contexto perfecto de soledad para la introspecci\u00f3n y lluvia de ideas, tal y como sucedi\u00f3 aquella vez debajo de un \u00e1rbol cordob\u00e9s, pero con grandes diferencias: m\u00e1s de una decena de a\u00f1os, miles de kil\u00f3metros de casa y con toda la Toscana a mi alcance. Cuando llegu\u00e9 me propuse realizar como m\u00ednimo siete obras, finalmente me estanqu\u00e9 en seis. Obviamente, no me sent\u00eda del todo bien conmigo mismo.<\/p>\n<p>En lo que ser\u00eda mi \u00faltima caminata por esos caminos (cuando visit\u00e9 el Castillo de Montefioralle) me di cuenta que hab\u00eda encontrado lo que fui a buscar: conceptos, planteos, replanteos, porqu\u00e9s. Record\u00e9 la imagen que relato al comienzo y comprend\u00ed que lo que cre\u00eda incompleto se encontraba rebalsado; a punto tal de no poder conciliar el sue\u00f1o sin libreta y l\u00e1piz en la mesa de luz.<\/p>\n<p>En las pr\u00f3ximas residencias tendr\u00e9 que buscar las formas, seguir los caminos que se presentan, experimentar y encontrar esa nueva voz para las letras que ya se encuentran en el cancionero. Y, porque no, ampliarlo.<\/p>\n<p>Mientras, a seguir creciendo admirando lo que me llen\u00f3 desde ni\u00f1o: termino estas l\u00edneas desde la habitaci\u00f3n Brunelleschi del Hotel Par\u00eds en Florencia&#8230; vaya coyuntura&#8230;<\/em><\/p>\n<p>&nbsp;<br \/>\n<strong>PROYECTO NUEVA VOZ<a href=\"http:\/\/enteculturalsantafesino.com.ar\/usina1\/wp-content\/uploads\/2014\/04\/10269575_10202406344614807_4000464137691292779_n.jpg\" rel=\"lightbox[12912]\"><img loading=\"lazy\" decoding=\"async\" class=\"alignright size-medium wp-image-12914\" src=\"http:\/\/enteculturalsantafesino.com.ar\/usina1\/wp-content\/uploads\/2014\/04\/10269575_10202406344614807_4000464137691292779_n-300x115.jpg\" alt=\"10269575_10202406344614807_4000464137691292779_n\" width=\"300\" height=\"115\" srcset=\"http:\/\/enteculturalsantafesino.com.ar\/usina1\/wp-content\/uploads\/2014\/04\/10269575_10202406344614807_4000464137691292779_n-300x115.jpg 300w, http:\/\/enteculturalsantafesino.com.ar\/usina1\/wp-content\/uploads\/2014\/04\/10269575_10202406344614807_4000464137691292779_n.jpg 960w\" sizes=\"(max-width: 300px) 100vw, 300px\" \/><\/a><\/strong><br \/>\nEn el sitio <a href=\"http:\/\/www.diegobaigorri.com\/#proyecto\" target=\"_blank\">http:\/\/www.diegobaigorri.com\/#proyecto<\/a> se explica:<\/p>\n<p><strong>Primera etapa: Creaci\u00f3n<\/strong><br \/>\nPara el proyecto voy a hacer nuevas obras de arte, de all\u00ed deriva el nombre. Por lo tanto, el primer paso ser\u00e1 realizar residencias. En ellas voy a trabajar duro para encontrar esa nueva voz, creciendo como artista y persona, para llevar mi arte a una nueva etapa de maduraci\u00f3n, actualizar en mi mano lo que pas\u00f3 en mi pluma y pensamiento. Siento que es el momento adecuado, tengo muchas ideas y conceptos a punto de entrar en erupci\u00f3n.<\/p>\n<p>Considero de vital importancia las residencias para cerrar mi etapa temprana, hacer un verdadero crecimiento profesional y, con ello, la oportunidad de vivir y ayudar a la gente haciendo lo que amo hacer.<\/p>\n<p><strong>Segunda etapa: promoci\u00f3n y venta<\/strong><br \/>\nSin dudas encontrar vendedores, representates y compradores, es el paso m\u00e1s dif\u00edcil. Personas que, como Cayo Mecenas, piensen que la cultura y el arte son la mejor manera de crecer como sociedad.<\/p>\n<p><strong>Tercera etapa: donaci\u00f3n<\/strong><br \/>\nVamos a donar una porci\u00f3n de todas las ventas. Desde hace tiempo estamos en contacto con instituciones que aportan soluciones a personas que realmente lo necesitan. La idea no es tirar un vaso de agua en un gran incendio. La idea, para un crecimiento real, es humedecer la sequedad para evitar que eso ocurra.<br \/>\nNo dudes en <a href=\"http:\/\/www.diegobaigorri.com\/#contacto\" target=\"_blank\">contactarte<\/a> si sientes que puedes dar una mano en alguna de las etapas.<\/p>\n<p><strong>fuente: Las Rosas Digital<\/strong><\/p>\n<p>&nbsp;<\/p>\n","protected":false},"excerpt":{"rendered":"<p>Diego Baigorri, artista pl\u00e1stico de Correa que est\u00e1 haciendo estancias de perfeccionamiento por Europa, acaba de terminar [&hellip;]<\/p>\n","protected":false},"author":3,"featured_media":12913,"comment_status":"closed","ping_status":"closed","sticky":false,"template":"","format":"standard","meta":{"_jetpack_memberships_contains_paid_content":false,"footnotes":"","jetpack_publicize_message":"","jetpack_publicize_feature_enabled":true,"jetpack_social_post_already_shared":false,"jetpack_social_options":{"image_generator_settings":{"template":"highway","enabled":false}}},"categories":[1],"tags":[],"jetpack_publicize_connections":[],"jetpack_sharing_enabled":true,"jetpack_featured_media_url":"http:\/\/enteculturalsantafesino.com.ar\/usina1\/wp-content\/uploads\/2014\/04\/10256418_10202369445492352_2430365793016960442_n.jpg","_links":{"self":[{"href":"http:\/\/enteculturalsantafesino.com.ar\/usina1\/wp-json\/wp\/v2\/posts\/12912"}],"collection":[{"href":"http:\/\/enteculturalsantafesino.com.ar\/usina1\/wp-json\/wp\/v2\/posts"}],"about":[{"href":"http:\/\/enteculturalsantafesino.com.ar\/usina1\/wp-json\/wp\/v2\/types\/post"}],"author":[{"embeddable":true,"href":"http:\/\/enteculturalsantafesino.com.ar\/usina1\/wp-json\/wp\/v2\/users\/3"}],"replies":[{"embeddable":true,"href":"http:\/\/enteculturalsantafesino.com.ar\/usina1\/wp-json\/wp\/v2\/comments?post=12912"}],"version-history":[{"count":0,"href":"http:\/\/enteculturalsantafesino.com.ar\/usina1\/wp-json\/wp\/v2\/posts\/12912\/revisions"}],"wp:featuredmedia":[{"embeddable":true,"href":"http:\/\/enteculturalsantafesino.com.ar\/usina1\/wp-json\/wp\/v2\/media\/12913"}],"wp:attachment":[{"href":"http:\/\/enteculturalsantafesino.com.ar\/usina1\/wp-json\/wp\/v2\/media?parent=12912"}],"wp:term":[{"taxonomy":"category","embeddable":true,"href":"http:\/\/enteculturalsantafesino.com.ar\/usina1\/wp-json\/wp\/v2\/categories?post=12912"},{"taxonomy":"post_tag","embeddable":true,"href":"http:\/\/enteculturalsantafesino.com.ar\/usina1\/wp-json\/wp\/v2\/tags?post=12912"}],"curies":[{"name":"wp","href":"https:\/\/api.w.org\/{rel}","templated":true}]}}