{"id":12919,"date":"2014-04-28T03:46:56","date_gmt":"2014-04-28T03:46:56","guid":{"rendered":"http:\/\/entecultura.com.ar\/usina1\/?p=12919"},"modified":"2014-04-28T03:46:56","modified_gmt":"2014-04-28T03:46:56","slug":"canada-de-gomez-se-presento-concurso-de-fotografia","status":"publish","type":"post","link":"http:\/\/enteculturalsantafesino.com.ar\/usina1\/2014\/04\/canada-de-gomez-se-presento-concurso-de-fotografia\/","title":{"rendered":"Ca\u00f1ada de G\u00f3mez: Se present\u00f3 \u00abConcurso de Fotograf\u00eda\u00bb"},"content":{"rendered":"<p>Se realiza de manera conjunta con la CGT local y es destinado a j\u00f3venes en edad escolar secundaria. El concepto es \u201cCa\u00f1ada de G\u00f3mez, una <a href=\"http:\/\/enteculturalsantafesino.com.ar\/usina1\/wp-content\/uploads\/2014\/04\/Concursofotogrfico.jpg\" rel=\"lightbox[12919]\"><img loading=\"lazy\" decoding=\"async\" class=\"alignright size-full wp-image-12920\" src=\"http:\/\/enteculturalsantafesino.com.ar\/usina1\/wp-content\/uploads\/2014\/04\/Concursofotogrfico.jpg\" alt=\"Concursofotogrfico\" width=\"260\" height=\"119\" \/><\/a>ciudad que crece con el trabajo de su gente\u201d.<\/p>\n<p>El pasado viernes la intendenta municipal Stella Cl\u00e9rici present\u00f3 el concurso fotogr\u00e1fico \u201cCa\u00f1ada de G\u00f3mez, una ciudad que crece con el trabajo de su gente\u201d que se realiza entre el municipio junto a los sindicatos nucleados en la CGT local, en el marco del mes del trabajador.<\/p>\n<p>Del mismo podr\u00e1n participar j\u00f3venes en edad escolar secundaria y el plazo de recepci\u00f3n de las obras es hasta el jueves 16 de mayo de 2014 en Casa del Bicentenario, de 7:30 a 12:30 hs.<\/p>\n<p>\u201cEs una manera distinta de festejar el mes del trabajador, con actividades conjuntas con los sindicatos de nuestra ciudad. El concepto de este concurso es mostrar en cada imagen el trabajo de los ca\u00f1adenses\u201d, manifest\u00f3 la intendenta. Por su parte, las autoridades sindicales destacaron la iniciativa e incentivaron a los j\u00f3venes a formar parte de este concurso.<\/p>\n<p>Las obras ser\u00e1n exhibidas el 19 de mayo a las 19 hs. en el MAC y la premiaci\u00f3n se realizar\u00e1 el viernes 30 de mayo. Las mejores fotos tendr\u00e1n premios relacionados a la fotograf\u00eda, como c\u00e1mara, tablet y cursos.<\/p>\n","protected":false},"excerpt":{"rendered":"<p>Se realiza de manera conjunta con la CGT local y es destinado a j\u00f3venes en edad escolar [&hellip;]<\/p>\n","protected":false},"author":3,"featured_media":12920,"comment_status":"closed","ping_status":"closed","sticky":false,"template":"","format":"standard","meta":{"_jetpack_memberships_contains_paid_content":false,"footnotes":"","jetpack_publicize_message":"","jetpack_publicize_feature_enabled":true,"jetpack_social_post_already_shared":false,"jetpack_social_options":{"image_generator_settings":{"template":"highway","enabled":false}}},"categories":[11],"tags":[],"jetpack_publicize_connections":[],"jetpack_sharing_enabled":true,"jetpack_featured_media_url":"http:\/\/enteculturalsantafesino.com.ar\/usina1\/wp-content\/uploads\/2014\/04\/Concursofotogrfico.jpg","_links":{"self":[{"href":"http:\/\/enteculturalsantafesino.com.ar\/usina1\/wp-json\/wp\/v2\/posts\/12919"}],"collection":[{"href":"http:\/\/enteculturalsantafesino.com.ar\/usina1\/wp-json\/wp\/v2\/posts"}],"about":[{"href":"http:\/\/enteculturalsantafesino.com.ar\/usina1\/wp-json\/wp\/v2\/types\/post"}],"author":[{"embeddable":true,"href":"http:\/\/enteculturalsantafesino.com.ar\/usina1\/wp-json\/wp\/v2\/users\/3"}],"replies":[{"embeddable":true,"href":"http:\/\/enteculturalsantafesino.com.ar\/usina1\/wp-json\/wp\/v2\/comments?post=12919"}],"version-history":[{"count":0,"href":"http:\/\/enteculturalsantafesino.com.ar\/usina1\/wp-json\/wp\/v2\/posts\/12919\/revisions"}],"wp:featuredmedia":[{"embeddable":true,"href":"http:\/\/enteculturalsantafesino.com.ar\/usina1\/wp-json\/wp\/v2\/media\/12920"}],"wp:attachment":[{"href":"http:\/\/enteculturalsantafesino.com.ar\/usina1\/wp-json\/wp\/v2\/media?parent=12919"}],"wp:term":[{"taxonomy":"category","embeddable":true,"href":"http:\/\/enteculturalsantafesino.com.ar\/usina1\/wp-json\/wp\/v2\/categories?post=12919"},{"taxonomy":"post_tag","embeddable":true,"href":"http:\/\/enteculturalsantafesino.com.ar\/usina1\/wp-json\/wp\/v2\/tags?post=12919"}],"curies":[{"name":"wp","href":"https:\/\/api.w.org\/{rel}","templated":true}]}}