{"id":12928,"date":"2014-04-28T12:45:37","date_gmt":"2014-04-28T12:45:37","guid":{"rendered":"http:\/\/entecultura.com.ar\/usina1\/?p=12928"},"modified":"2014-04-28T12:45:37","modified_gmt":"2014-04-28T12:45:37","slug":"carlos-pellegrini-cinco-cursos-nuevos-en-el-campus","status":"publish","type":"post","link":"http:\/\/enteculturalsantafesino.com.ar\/usina1\/2014\/04\/carlos-pellegrini-cinco-cursos-nuevos-en-el-campus\/","title":{"rendered":"Carlos Pellegrini: Cinco Cursos Nuevos en el Campus"},"content":{"rendered":"<p>El <strong>pr\u00f3ximo jueves 8 de mayo comienzan a dictarse en el Centro Cultural diversos Talleres de Arte<\/strong> a cargo de la<strong>\u00a0Profesora <a href=\"http:\/\/enteculturalsantafesino.com.ar\/usina1\/wp-content\/uploads\/2014\/04\/phpThumb_generated_thumbnail4.jpeg\" rel=\"lightbox[12928]\"><img loading=\"lazy\" decoding=\"async\" class=\"alignright size-full wp-image-12929\" src=\"http:\/\/enteculturalsantafesino.com.ar\/usina1\/wp-content\/uploads\/2014\/04\/phpThumb_generated_thumbnail4.jpeg\" alt=\"phpThumb_generated_thumbnail\" width=\"200\" height=\"133\" \/><\/a>Mariana Favot.<\/strong> Tambi\u00e9n habr\u00e1 un <strong>Taller de Cer\u00e1mica para ni\u00f1os<\/strong>.<\/p>\n<p>Mariana coment\u00f3 que <em>\u201cla idea es proponerle a la gente este tipo de cursos, en los que se dar\u00e1 <strong>Cer\u00e1mica, Vitrofusi\u00f3n, Cer\u00e1mica, Vitreaux \u00a0y Pintura sobre porcelana. <\/strong>Se dictar\u00e1n los jueves y los horarios van a ser flexibles para que todos puedan venir; el talle para ni\u00f1os creemos que se va a dar cerca de las 18 horas para los ni\u00f1os que deseen hacerlo y vayan a la escuela por la tarde. Los costos var\u00edan, el <strong>Curso de Cer\u00e1mica cuesta $200 al igual que el de Vitrofusi\u00f3n, y $250 el de Vitreaux y Pintura sobre Porcelana<\/strong>\u201d.<\/em><\/p>\n<p><em>\u201cCon respecto a los materiales, los traigo yo, ya que aqu\u00ed en las art\u00edsticas de la zona no se consiguen, as\u00ed que eso no es un problema\u201d.<\/em><\/p>\n<p><strong>PARA CONSULTAS<\/strong><\/p>\n<p>Levalle 953 -planta alta o al celular particular de la profesora Mariana 03406 15646<\/p>\n<p><em>fuente: portalpellegrinense.com<\/em><\/p>\n","protected":false},"excerpt":{"rendered":"<p>El pr\u00f3ximo jueves 8 de mayo comienzan a dictarse en el Centro Cultural diversos Talleres de Arte [&hellip;]<\/p>\n","protected":false},"author":3,"featured_media":12929,"comment_status":"closed","ping_status":"closed","sticky":false,"template":"","format":"standard","meta":{"_jetpack_memberships_contains_paid_content":false,"footnotes":"","jetpack_publicize_message":"","jetpack_publicize_feature_enabled":true,"jetpack_social_post_already_shared":false,"jetpack_social_options":{"image_generator_settings":{"template":"highway","enabled":false}}},"categories":[23],"tags":[],"jetpack_publicize_connections":[],"jetpack_sharing_enabled":true,"jetpack_featured_media_url":"http:\/\/enteculturalsantafesino.com.ar\/usina1\/wp-content\/uploads\/2014\/04\/phpThumb_generated_thumbnail4.jpeg","_links":{"self":[{"href":"http:\/\/enteculturalsantafesino.com.ar\/usina1\/wp-json\/wp\/v2\/posts\/12928"}],"collection":[{"href":"http:\/\/enteculturalsantafesino.com.ar\/usina1\/wp-json\/wp\/v2\/posts"}],"about":[{"href":"http:\/\/enteculturalsantafesino.com.ar\/usina1\/wp-json\/wp\/v2\/types\/post"}],"author":[{"embeddable":true,"href":"http:\/\/enteculturalsantafesino.com.ar\/usina1\/wp-json\/wp\/v2\/users\/3"}],"replies":[{"embeddable":true,"href":"http:\/\/enteculturalsantafesino.com.ar\/usina1\/wp-json\/wp\/v2\/comments?post=12928"}],"version-history":[{"count":0,"href":"http:\/\/enteculturalsantafesino.com.ar\/usina1\/wp-json\/wp\/v2\/posts\/12928\/revisions"}],"wp:featuredmedia":[{"embeddable":true,"href":"http:\/\/enteculturalsantafesino.com.ar\/usina1\/wp-json\/wp\/v2\/media\/12929"}],"wp:attachment":[{"href":"http:\/\/enteculturalsantafesino.com.ar\/usina1\/wp-json\/wp\/v2\/media?parent=12928"}],"wp:term":[{"taxonomy":"category","embeddable":true,"href":"http:\/\/enteculturalsantafesino.com.ar\/usina1\/wp-json\/wp\/v2\/categories?post=12928"},{"taxonomy":"post_tag","embeddable":true,"href":"http:\/\/enteculturalsantafesino.com.ar\/usina1\/wp-json\/wp\/v2\/tags?post=12928"}],"curies":[{"name":"wp","href":"https:\/\/api.w.org\/{rel}","templated":true}]}}