{"id":12931,"date":"2014-04-28T19:59:06","date_gmt":"2014-04-28T19:59:06","guid":{"rendered":"http:\/\/entecultura.com.ar\/usina1\/?p=12931"},"modified":"2014-04-28T19:59:06","modified_gmt":"2014-04-28T19:59:06","slug":"la-ciudad-festejo-el-primer-aniversario-del-nac-el-trebol","status":"publish","type":"post","link":"http:\/\/enteculturalsantafesino.com.ar\/usina1\/2014\/04\/la-ciudad-festejo-el-primer-aniversario-del-nac-el-trebol\/","title":{"rendered":"La Ciudad festej\u00f3 el Primer Aniversario del NAC \u201cEl Tr\u00e9bol\u00bb"},"content":{"rendered":"<div id=\"id_535eb26ca03634493309525\" class=\"text_exposed_root text_exposed\">El viernes por la noche el N\u00facleo Acceso al Conocimiento (NAC) El Tr\u00e9bol festej\u00f3 su primer aniversario en la ciudad y lo celebr\u00f3 en <a href=\"http:\/\/enteculturalsantafesino.com.ar\/usina1\/wp-content\/uploads\/2014\/04\/10250103_768610579840186_4838611117049619677_n.jpg\" rel=\"lightbox[12931]\"><img loading=\"lazy\" decoding=\"async\" class=\"alignright size-medium wp-image-12932\" src=\"http:\/\/enteculturalsantafesino.com.ar\/usina1\/wp-content\/uploads\/2014\/04\/10250103_768610579840186_4838611117049619677_n-300x206.jpg\" alt=\"10250103_768610579840186_4838611117049619677_n\" width=\"300\" height=\"206\" srcset=\"http:\/\/enteculturalsantafesino.com.ar\/usina1\/wp-content\/uploads\/2014\/04\/10250103_768610579840186_4838611117049619677_n-300x206.jpg 300w, http:\/\/enteculturalsantafesino.com.ar\/usina1\/wp-content\/uploads\/2014\/04\/10250103_768610579840186_4838611117049619677_n.jpg 403w\" sizes=\"(max-width: 300px) 100vw, 300px\" \/><\/a>familia con un emotivo acto.<\/p>\n<p>En el lugar estuvo<span class=\"text_exposed_hide\">&#8230;<\/span><span class=\"text_exposed_show\"> presente el Intendente Prof. Fernando Almada, miembros del Gabinete Municipal, el Dinamizador del Programa NAC Mario Arroyo, la Coordinadora del NAC local, Docente Anal\u00eda Bracaglia y una gran cantidad de p\u00fablico en general.<\/p>\n<p>El festej\u00f3 comenz\u00f3 con unas palabras de la Coordinadora, quien llev\u00f3 adelante la ceremonia. Seguidamente, se proyect\u00f3 un video que mostr\u00f3 los comienzos del NAC, pasando por el viejo Lawn Tenis hasta el momento, con todas las modernas instalaciones.<\/p>\n<p>Luego, el Intendente Prof. Fernando Almada brind\u00f3 unas palabras alusivas donde destac\u00f3 la importancia del lugar, y por sobre todo, el compromiso de inclusi\u00f3n que se lleva a cabo.<\/p>\n<p>Adem\u00e1s, se realiz\u00f3 la entrega de diplomas a unas 35 personas que participaron del Curso de Seguridad en Redes, Certificado por la Universidad de la Matanza y dictado por la Secretar\u00eda de Extensi\u00f3n Universitaria.<\/p>\n<p>Elisabeth Rubio, cantante local, tambi\u00e9n estuvo presente interpretando algunas baladas, poni\u00e9ndole color a la fiesta.<\/p>\n<p>Para conmemorar el primer a\u00f1o, autoridades y representantes de distintos \u00e1mbitos brindaron y soplaron las velitas.<\/p>\n<p>Una vez inaugurada el Festejo, se habilit\u00f3 el lugar en donde los presentes pudieron disfrutar de la ambientaci\u00f3n acorde al festejo.<\/p>\n<p>Para cerrar la noche se proyecto un segundo video recorriendo todas las actividades que se realizaron durante estos doce meses en el NAC.<\/span><span class=\"text_exposed_hide\"> <span class=\"text_exposed_link\"><a class=\"see_more_link\" href=\"https:\/\/www.facebook.com\/pages\/Municipalidad-de-El-Tr%C3%A9bol\/630549813646264?fref=ts#\" data-ft=\"{&quot;tn&quot;:&quot;e&quot;}\">Ver m\u00e1s<\/a><\/span><\/span><\/div>\n<p>&nbsp;<\/p>\n","protected":false},"excerpt":{"rendered":"<p>El viernes por la noche el N\u00facleo Acceso al Conocimiento (NAC) El Tr\u00e9bol festej\u00f3 su primer aniversario [&hellip;]<\/p>\n","protected":false},"author":3,"featured_media":12932,"comment_status":"closed","ping_status":"closed","sticky":false,"template":"","format":"standard","meta":{"_jetpack_memberships_contains_paid_content":false,"footnotes":"","jetpack_publicize_message":"","jetpack_publicize_feature_enabled":true,"jetpack_social_post_already_shared":false,"jetpack_social_options":{"image_generator_settings":{"template":"highway","enabled":false}}},"categories":[18],"tags":[],"jetpack_publicize_connections":[],"jetpack_sharing_enabled":true,"jetpack_featured_media_url":"http:\/\/enteculturalsantafesino.com.ar\/usina1\/wp-content\/uploads\/2014\/04\/10250103_768610579840186_4838611117049619677_n.jpg","_links":{"self":[{"href":"http:\/\/enteculturalsantafesino.com.ar\/usina1\/wp-json\/wp\/v2\/posts\/12931"}],"collection":[{"href":"http:\/\/enteculturalsantafesino.com.ar\/usina1\/wp-json\/wp\/v2\/posts"}],"about":[{"href":"http:\/\/enteculturalsantafesino.com.ar\/usina1\/wp-json\/wp\/v2\/types\/post"}],"author":[{"embeddable":true,"href":"http:\/\/enteculturalsantafesino.com.ar\/usina1\/wp-json\/wp\/v2\/users\/3"}],"replies":[{"embeddable":true,"href":"http:\/\/enteculturalsantafesino.com.ar\/usina1\/wp-json\/wp\/v2\/comments?post=12931"}],"version-history":[{"count":0,"href":"http:\/\/enteculturalsantafesino.com.ar\/usina1\/wp-json\/wp\/v2\/posts\/12931\/revisions"}],"wp:featuredmedia":[{"embeddable":true,"href":"http:\/\/enteculturalsantafesino.com.ar\/usina1\/wp-json\/wp\/v2\/media\/12932"}],"wp:attachment":[{"href":"http:\/\/enteculturalsantafesino.com.ar\/usina1\/wp-json\/wp\/v2\/media?parent=12931"}],"wp:term":[{"taxonomy":"category","embeddable":true,"href":"http:\/\/enteculturalsantafesino.com.ar\/usina1\/wp-json\/wp\/v2\/categories?post=12931"},{"taxonomy":"post_tag","embeddable":true,"href":"http:\/\/enteculturalsantafesino.com.ar\/usina1\/wp-json\/wp\/v2\/tags?post=12931"}],"curies":[{"name":"wp","href":"https:\/\/api.w.org\/{rel}","templated":true}]}}