{"id":12939,"date":"2014-04-29T13:48:32","date_gmt":"2014-04-29T13:48:32","guid":{"rendered":"http:\/\/entecultura.com.ar\/usina1\/?p=12939"},"modified":"2014-04-29T16:08:46","modified_gmt":"2014-04-29T16:08:46","slug":"12939","status":"publish","type":"post","link":"http:\/\/enteculturalsantafesino.com.ar\/usina1\/2014\/04\/12939\/","title":{"rendered":"El Tr\u00e9bol: Carolina Depetris Virreina en Santa Teresa"},"content":{"rendered":"<p>De la ciudad de El Tr\u00e9bol, viajaron Carolina Depetris como postulante de los Carnavales Regionales y Ana Schmidt y Roc\u00edo S\u00e1nchez como<a href=\"http:\/\/enteculturalsantafesino.com.ar\/usina1\/wp-content\/uploads\/2014\/04\/timthumb1.jpg\" rel=\"lightbox[12939]\"><img loading=\"lazy\" decoding=\"async\" class=\"alignright size-medium wp-image-12940\" src=\"http:\/\/enteculturalsantafesino.com.ar\/usina1\/wp-content\/uploads\/2014\/04\/timthumb1-300x205.jpg\" alt=\"timthumb\" width=\"300\" height=\"205\" srcset=\"http:\/\/enteculturalsantafesino.com.ar\/usina1\/wp-content\/uploads\/2014\/04\/timthumb1-300x205.jpg 300w, http:\/\/enteculturalsantafesino.com.ar\/usina1\/wp-content\/uploads\/2014\/04\/timthumb1.jpg 590w\" sizes=\"(max-width: 300px) 100vw, 300px\" \/><\/a> consagradas representando a la ciudad y a los carnavales respectivamente.<\/p>\n<p>Las actividades comenzaron en la Plaza Libertad a partir de las 14:00 horas con la inauguraci\u00f3n del Paseo de los Artesanos.<\/p>\n<p>Luego fueron recibidas las postulantes, donde se entrevistaron con el jurado.<\/p>\n<p>M\u00e1s tarde, en la Asociaci\u00f3n Espa\u00f1ola, se desarrollaron las actividades centrales con la realizaci\u00f3n de la Fiesta, que cont\u00f3 con \u00a0la presentaci\u00f3n de espect\u00e1culos musicales, desfile de moda y peinados \u00a0la actuaci\u00f3n de artistas locales como Daniel Gallo Cisterna e Ivana Fortunati y el conjunto folcl\u00f3rico cordob\u00e9s Los Ranqueles y la elecci\u00f3n de Reina, Virreina y Reinita.<\/p>\n<p>El Senador del Departamento Constituci\u00f3n Germ\u00e1n Giacomino hizo entrega a Sergio Bacigalupe, responsable del evento, de una placa alusiva a la declaraci\u00f3n de inter\u00e9s impulsada por la C\u00e1mara de Senadores.<\/p>\n<p>Entre 19 postulantes, Carolina Depetris, de la ciudad de El Tr\u00e9bol y con el N\u00ba 1, fue electa Virreina de la fiesta.<\/p>\n<p>La Reina fue Milagros Bellini de la ciudad de Marcos Ju\u00e1rez, mientras que la Reinita fue Ana Paula Chiavari, de Coronel Arnold.<\/p>\n<p>&nbsp;<\/p>\n<p><strong>Fuente:<\/strong> www.comosomosdigital.com.ar \u2013 <strong>Edici\u00f3n:<\/strong> www.radioeltrebol.com.ar<\/p>\n","protected":false},"excerpt":{"rendered":"<p>De la ciudad de El Tr\u00e9bol, viajaron Carolina Depetris como postulante de los Carnavales Regionales y Ana [&hellip;]<\/p>\n","protected":false},"author":3,"featured_media":12940,"comment_status":"closed","ping_status":"closed","sticky":false,"template":"","format":"standard","meta":{"_jetpack_memberships_contains_paid_content":false,"footnotes":"","jetpack_publicize_message":"","jetpack_publicize_feature_enabled":true,"jetpack_social_post_already_shared":false,"jetpack_social_options":{"image_generator_settings":{"template":"highway","enabled":false}}},"categories":[18],"tags":[],"jetpack_publicize_connections":[],"jetpack_sharing_enabled":true,"jetpack_featured_media_url":"http:\/\/enteculturalsantafesino.com.ar\/usina1\/wp-content\/uploads\/2014\/04\/timthumb1.jpg","_links":{"self":[{"href":"http:\/\/enteculturalsantafesino.com.ar\/usina1\/wp-json\/wp\/v2\/posts\/12939"}],"collection":[{"href":"http:\/\/enteculturalsantafesino.com.ar\/usina1\/wp-json\/wp\/v2\/posts"}],"about":[{"href":"http:\/\/enteculturalsantafesino.com.ar\/usina1\/wp-json\/wp\/v2\/types\/post"}],"author":[{"embeddable":true,"href":"http:\/\/enteculturalsantafesino.com.ar\/usina1\/wp-json\/wp\/v2\/users\/3"}],"replies":[{"embeddable":true,"href":"http:\/\/enteculturalsantafesino.com.ar\/usina1\/wp-json\/wp\/v2\/comments?post=12939"}],"version-history":[{"count":0,"href":"http:\/\/enteculturalsantafesino.com.ar\/usina1\/wp-json\/wp\/v2\/posts\/12939\/revisions"}],"wp:featuredmedia":[{"embeddable":true,"href":"http:\/\/enteculturalsantafesino.com.ar\/usina1\/wp-json\/wp\/v2\/media\/12940"}],"wp:attachment":[{"href":"http:\/\/enteculturalsantafesino.com.ar\/usina1\/wp-json\/wp\/v2\/media?parent=12939"}],"wp:term":[{"taxonomy":"category","embeddable":true,"href":"http:\/\/enteculturalsantafesino.com.ar\/usina1\/wp-json\/wp\/v2\/categories?post=12939"},{"taxonomy":"post_tag","embeddable":true,"href":"http:\/\/enteculturalsantafesino.com.ar\/usina1\/wp-json\/wp\/v2\/tags?post=12939"}],"curies":[{"name":"wp","href":"https:\/\/api.w.org\/{rel}","templated":true}]}}