{"id":12942,"date":"2014-04-29T13:50:40","date_gmt":"2014-04-29T13:50:40","guid":{"rendered":"http:\/\/entecultura.com.ar\/usina1\/?p=12942"},"modified":"2014-04-29T13:50:40","modified_gmt":"2014-04-29T13:50:40","slug":"29-de-abril-dia-internacional-de-la-danza","status":"publish","type":"post","link":"http:\/\/enteculturalsantafesino.com.ar\/usina1\/2014\/04\/29-de-abril-dia-internacional-de-la-danza\/","title":{"rendered":"29 de Abril- D\u00eda Internacional de la Danza"},"content":{"rendered":"<p>El <b>D\u00eda Internacional de la Danza<\/b> fue establecido por la Unesco en 1982, atendiendo a una iniciativa del Comit\u00e9 Internacional de Danza, <a href=\"http:\/\/enteculturalsantafesino.com.ar\/usina1\/wp-content\/uploads\/2014\/04\/untitled.png\" rel=\"lightbox[12942]\"><img loading=\"lazy\" decoding=\"async\" class=\"alignright size-full wp-image-12943\" src=\"http:\/\/enteculturalsantafesino.com.ar\/usina1\/wp-content\/uploads\/2014\/04\/untitled.png\" alt=\"untitled\" width=\"225\" height=\"225\" srcset=\"http:\/\/enteculturalsantafesino.com.ar\/usina1\/wp-content\/uploads\/2014\/04\/untitled.png 225w, http:\/\/enteculturalsantafesino.com.ar\/usina1\/wp-content\/uploads\/2014\/04\/untitled-150x150.png 150w\" sizes=\"(max-width: 225px) 100vw, 225px\" \/><\/a>perteneciente al Instituto Internacional de Teatro (ITI\/UNESCO). Para celebrar la danza, se eligi\u00f3 el 29 de abril, por ser el natalicio de Jean-Georges Noverre, innovador y estudioso de este arte, maestro y creador del ballet moderno.<\/p>\n<p>Cada a\u00f1o desde 1982 se celebra el D\u00eda Internacional de la Danza el 29 de abril, como una forma de atraer la atenci\u00f3n sobre el arte de la danza. Tambi\u00e9n se busca reunir a todos aquellos que han elegido la danza como medio de expresi\u00f3n para que, traspasando las barreras culturales, pol\u00edticas y \u00e9tnicas, celebren la danza y su universalidad.<\/p>\n<p>Cada a\u00f1o, la Unesco solicita a una personalidad reconocida de este arte, que redacte un mensaje que despu\u00e9s es difundido mundialmente.<\/p>\n<p>Ese d\u00eda las compa\u00f1\u00edas y escuelas de danza, organizaciones y particulares, llevan a cabo actividades dirigidas a una audiencia fuera de su \u00e1mbito habitual. Es un d\u00eda de fiesta que celebran todos los pa\u00edses del mundo con espect\u00e1culos especialmente dedicados a la danza a trav\u00e9s de: clases abiertas, ensayos al aire libre, conferencias, exposiciones, publicaciones en diarios y revistas, bailes populares, programas en radio y TV, espect\u00e1culos callejeros, entre otros.<\/p>\n","protected":false},"excerpt":{"rendered":"<p>El D\u00eda Internacional de la Danza fue establecido por la Unesco en 1982, atendiendo a una iniciativa [&hellip;]<\/p>\n","protected":false},"author":3,"featured_media":12943,"comment_status":"closed","ping_status":"closed","sticky":false,"template":"","format":"standard","meta":{"_jetpack_memberships_contains_paid_content":false,"footnotes":"","jetpack_publicize_message":"","jetpack_publicize_feature_enabled":true,"jetpack_social_post_already_shared":false,"jetpack_social_options":{"image_generator_settings":{"template":"highway","enabled":false}}},"categories":[1],"tags":[],"jetpack_publicize_connections":[],"jetpack_sharing_enabled":true,"jetpack_featured_media_url":"http:\/\/enteculturalsantafesino.com.ar\/usina1\/wp-content\/uploads\/2014\/04\/untitled.png","_links":{"self":[{"href":"http:\/\/enteculturalsantafesino.com.ar\/usina1\/wp-json\/wp\/v2\/posts\/12942"}],"collection":[{"href":"http:\/\/enteculturalsantafesino.com.ar\/usina1\/wp-json\/wp\/v2\/posts"}],"about":[{"href":"http:\/\/enteculturalsantafesino.com.ar\/usina1\/wp-json\/wp\/v2\/types\/post"}],"author":[{"embeddable":true,"href":"http:\/\/enteculturalsantafesino.com.ar\/usina1\/wp-json\/wp\/v2\/users\/3"}],"replies":[{"embeddable":true,"href":"http:\/\/enteculturalsantafesino.com.ar\/usina1\/wp-json\/wp\/v2\/comments?post=12942"}],"version-history":[{"count":0,"href":"http:\/\/enteculturalsantafesino.com.ar\/usina1\/wp-json\/wp\/v2\/posts\/12942\/revisions"}],"wp:featuredmedia":[{"embeddable":true,"href":"http:\/\/enteculturalsantafesino.com.ar\/usina1\/wp-json\/wp\/v2\/media\/12943"}],"wp:attachment":[{"href":"http:\/\/enteculturalsantafesino.com.ar\/usina1\/wp-json\/wp\/v2\/media?parent=12942"}],"wp:term":[{"taxonomy":"category","embeddable":true,"href":"http:\/\/enteculturalsantafesino.com.ar\/usina1\/wp-json\/wp\/v2\/categories?post=12942"},{"taxonomy":"post_tag","embeddable":true,"href":"http:\/\/enteculturalsantafesino.com.ar\/usina1\/wp-json\/wp\/v2\/tags?post=12942"}],"curies":[{"name":"wp","href":"https:\/\/api.w.org\/{rel}","templated":true}]}}