{"id":12946,"date":"2014-04-30T04:31:16","date_gmt":"2014-04-30T04:31:16","guid":{"rendered":"http:\/\/entecultura.com.ar\/usina1\/?p=12946"},"modified":"2014-04-30T04:31:16","modified_gmt":"2014-04-30T04:31:16","slug":"waltervuelo-alto","status":"publish","type":"post","link":"http:\/\/enteculturalsantafesino.com.ar\/usina1\/2014\/04\/waltervuelo-alto\/","title":{"rendered":"Walter,vuelo alto"},"content":{"rendered":"<p><strong>(Por C\u00e9sar Negri)<\/strong>. Mi primer contacto con \u00e9l fue a trav\u00e9s de un mail sin filtro donde dije cosas que no deb\u00eda cuando sal\u00ed en defensa de un <a href=\"http:\/\/enteculturalsantafesino.com.ar\/usina1\/wp-content\/uploads\/2014\/04\/gasparetti-walter.jpg\" rel=\"lightbox[12946]\"><img loading=\"lazy\" decoding=\"async\" class=\"alignright size-medium wp-image-12947\" src=\"http:\/\/enteculturalsantafesino.com.ar\/usina1\/wp-content\/uploads\/2014\/04\/gasparetti-walter-300x285.jpg\" alt=\"gasparetti-walter\" width=\"300\" height=\"285\" srcset=\"http:\/\/enteculturalsantafesino.com.ar\/usina1\/wp-content\/uploads\/2014\/04\/gasparetti-walter-300x285.jpg 300w, http:\/\/enteculturalsantafesino.com.ar\/usina1\/wp-content\/uploads\/2014\/04\/gasparetti-walter.jpg 640w\" sizes=\"(max-width: 300px) 100vw, 300px\" \/><\/a>amigo. Estas l\u00edneas no sufrir\u00e1n correcciones porque los sentimientos son m\u00e1s genuinos cuando no pasan por un editor. Este martes 29 de abril falleci\u00f3 Walter Gasparetti, provocando un sufrimiento enorme en aquellas personas que tuvieron la fortuna de disfrutar su compa\u00f1\u00eda.<\/p>\n<p>En a\u00f1os donde la profesi\u00f3n de periodista est\u00e1 tan bastardeada por obra y gracia de sus propios integrantes, seducidos por billeteras millonarias del poder pol\u00edtico y econ\u00f3mico, Walter honr\u00f3 su trabajo con la enorme pasi\u00f3n que solo logran los amateurs. Las luces, la fama, el \u00e9xito ef\u00edmero est\u00e1 cargado de personajes que se alejan del suelo. Inmiscuirse en la leyenda de su blog \u00abVuelo bajo\u00bb nos da cuenta de su esp\u00edritu diletante. \u00abAbajo est\u00e1 la verdad\u00bb dec\u00eda, y as\u00ed ejerci\u00f3 su tarea en los medios donde abundan los que \u00abrepiten\u00bb sin siquiera permitirse dudar.<\/p>\n<p>En la era del periodismo \u00abcopy and paste\u00bb, Walter falleci\u00f3 trabajando para de El Decano rosarino, buscando \u00e9l mismo la informaci\u00f3n sobre las cosas que suced\u00edan en nuestra regi\u00f3n.<\/p>\n<p>Mientras escribo este texto recibo un mensaje donde me preguntan si ten\u00eda \u00abmucho trato con \u00e9l\u00bb. Exist\u00eda un cari\u00f1o mutuo, un respeto a su honestidad, esas relaciones que se forjan sin excesivo contacto y donde cada llamada telef\u00f3nica costaba terminarla. Hace diez d\u00edas sent\u00ed su despedida cuando salud\u00f3 con un \u00abgracias amigo\u00bb.<\/p>\n<p>Aquellos j\u00f3venes que desean amar la carrera de comunicador social, malo no ser\u00eda que primero pregunten por \u00abTito\u00bb, conozcan su trabajo y despu\u00e9s sepan que para hacerla bien se necesita seguir su ejemplo.<\/p>\n<p>Hace pocas horas, en una red social escribi\u00f3 por \u00faltima vez: \u00abLas personas cambian, pero tambi\u00e9n la manera de recordarlas\u00bb. Raz\u00f3n no le faltar\u00e1, muchos como \u00e9l cambian para ser cada vez m\u00e1s grandes; y este gesto adusto de hoy, lleno de tristeza, seguro se transformar\u00e1 en una amplia sonrisa al momento de recordarlo.<\/p>\n<p>Walter&#8230; Perd\u00f3n por aquel mail de hace m\u00e1s de una d\u00e9cada, no era la forma. Gracias por todo lo que vino despu\u00e9s.<\/p>\n<p>C\u00e9sar Negri<\/p>\n","protected":false},"excerpt":{"rendered":"<p>(Por C\u00e9sar Negri). Mi primer contacto con \u00e9l fue a trav\u00e9s de un mail sin filtro donde [&hellip;]<\/p>\n","protected":false},"author":3,"featured_media":12947,"comment_status":"closed","ping_status":"closed","sticky":false,"template":"","format":"standard","meta":{"_jetpack_memberships_contains_paid_content":false,"footnotes":"","jetpack_publicize_message":"","jetpack_publicize_feature_enabled":true,"jetpack_social_post_already_shared":false,"jetpack_social_options":{"image_generator_settings":{"template":"highway","enabled":false}}},"categories":[11,1],"tags":[],"jetpack_publicize_connections":[],"jetpack_sharing_enabled":true,"jetpack_featured_media_url":"http:\/\/enteculturalsantafesino.com.ar\/usina1\/wp-content\/uploads\/2014\/04\/gasparetti-walter.jpg","_links":{"self":[{"href":"http:\/\/enteculturalsantafesino.com.ar\/usina1\/wp-json\/wp\/v2\/posts\/12946"}],"collection":[{"href":"http:\/\/enteculturalsantafesino.com.ar\/usina1\/wp-json\/wp\/v2\/posts"}],"about":[{"href":"http:\/\/enteculturalsantafesino.com.ar\/usina1\/wp-json\/wp\/v2\/types\/post"}],"author":[{"embeddable":true,"href":"http:\/\/enteculturalsantafesino.com.ar\/usina1\/wp-json\/wp\/v2\/users\/3"}],"replies":[{"embeddable":true,"href":"http:\/\/enteculturalsantafesino.com.ar\/usina1\/wp-json\/wp\/v2\/comments?post=12946"}],"version-history":[{"count":0,"href":"http:\/\/enteculturalsantafesino.com.ar\/usina1\/wp-json\/wp\/v2\/posts\/12946\/revisions"}],"wp:featuredmedia":[{"embeddable":true,"href":"http:\/\/enteculturalsantafesino.com.ar\/usina1\/wp-json\/wp\/v2\/media\/12947"}],"wp:attachment":[{"href":"http:\/\/enteculturalsantafesino.com.ar\/usina1\/wp-json\/wp\/v2\/media?parent=12946"}],"wp:term":[{"taxonomy":"category","embeddable":true,"href":"http:\/\/enteculturalsantafesino.com.ar\/usina1\/wp-json\/wp\/v2\/categories?post=12946"},{"taxonomy":"post_tag","embeddable":true,"href":"http:\/\/enteculturalsantafesino.com.ar\/usina1\/wp-json\/wp\/v2\/tags?post=12946"}],"curies":[{"name":"wp","href":"https:\/\/api.w.org\/{rel}","templated":true}]}}