{"id":12950,"date":"2014-04-30T14:05:08","date_gmt":"2014-04-30T14:05:08","guid":{"rendered":"http:\/\/entecultura.com.ar\/usina1\/?p=12950"},"modified":"2014-04-30T14:05:08","modified_gmt":"2014-04-30T14:05:08","slug":"el-trebolinscripciones-para-los-talleres-de-canto-y-de-bateria-y-percusion","status":"publish","type":"post","link":"http:\/\/enteculturalsantafesino.com.ar\/usina1\/2014\/04\/el-trebolinscripciones-para-los-talleres-de-canto-y-de-bateria-y-percusion\/","title":{"rendered":"El Tr\u00e9bol:Inscripciones para los Talleres de Canto y de Bater\u00eda y Percusi\u00f3n"},"content":{"rendered":"<p>La Municipalidad El Tr\u00e9bol informa que est\u00e1n abiertas las inscripciones a los Talleres de Canto y de Bater\u00eda y Percusi\u00f3n.<a href=\"http:\/\/enteculturalsantafesino.com.ar\/usina1\/wp-content\/uploads\/2014\/04\/923206_769549549746289_3704094611357471759_n.jpg\" rel=\"lightbox[12950]\"><img loading=\"lazy\" decoding=\"async\" class=\"alignright size-medium wp-image-12951\" src=\"http:\/\/enteculturalsantafesino.com.ar\/usina1\/wp-content\/uploads\/2014\/04\/923206_769549549746289_3704094611357471759_n-300x170.jpg\" alt=\"923206_769549549746289_3704094611357471759_n\" width=\"300\" height=\"170\" srcset=\"http:\/\/enteculturalsantafesino.com.ar\/usina1\/wp-content\/uploads\/2014\/04\/923206_769549549746289_3704094611357471759_n-300x170.jpg 300w, http:\/\/enteculturalsantafesino.com.ar\/usina1\/wp-content\/uploads\/2014\/04\/923206_769549549746289_3704094611357471759_n.jpg 480w\" sizes=\"(max-width: 300px) 100vw, 300px\" \/><\/a><\/p>\n<p>Las clases de Canto, estar\u00e1n a cargo del Profesor Emmanuel Arca y est\u00e1n destinadas a ni\u00f1os, j\u00f3venes y adultos. En las mismas, se tratar\u00e1n temas como: t\u00e9cnica vocal, respiraci\u00f3n, afinaci\u00f3n, vocalizaci\u00f3n y relajaci\u00f3n.<\/p>\n<p>Por otra parte, el Taller de Bater\u00eda y Percusi\u00f3n, ser\u00e1n dictadas por el Prof. Leonardo Bertorello y apuntar\u00e1 a que los alumnos aprendan t\u00e9cnica, independencia, estilos e improvisaci\u00f3n.<\/p>\n<div class=\"text_exposed_show\">\n<p>Todas las personas interesadas podr\u00e1n inscribirse en el Centro Cultural Cervantes, los d\u00edas Martes y Jueves, de 14 a 21 hs.<\/p>\n<\/div>\n","protected":false},"excerpt":{"rendered":"<p>La Municipalidad El Tr\u00e9bol informa que est\u00e1n abiertas las inscripciones a los Talleres de Canto y de [&hellip;]<\/p>\n","protected":false},"author":3,"featured_media":12951,"comment_status":"closed","ping_status":"closed","sticky":false,"template":"","format":"standard","meta":{"_jetpack_memberships_contains_paid_content":false,"footnotes":"","jetpack_publicize_message":"","jetpack_publicize_feature_enabled":true,"jetpack_social_post_already_shared":false,"jetpack_social_options":{"image_generator_settings":{"template":"highway","enabled":false}}},"categories":[18],"tags":[],"jetpack_publicize_connections":[],"jetpack_sharing_enabled":true,"jetpack_featured_media_url":"http:\/\/enteculturalsantafesino.com.ar\/usina1\/wp-content\/uploads\/2014\/04\/923206_769549549746289_3704094611357471759_n.jpg","_links":{"self":[{"href":"http:\/\/enteculturalsantafesino.com.ar\/usina1\/wp-json\/wp\/v2\/posts\/12950"}],"collection":[{"href":"http:\/\/enteculturalsantafesino.com.ar\/usina1\/wp-json\/wp\/v2\/posts"}],"about":[{"href":"http:\/\/enteculturalsantafesino.com.ar\/usina1\/wp-json\/wp\/v2\/types\/post"}],"author":[{"embeddable":true,"href":"http:\/\/enteculturalsantafesino.com.ar\/usina1\/wp-json\/wp\/v2\/users\/3"}],"replies":[{"embeddable":true,"href":"http:\/\/enteculturalsantafesino.com.ar\/usina1\/wp-json\/wp\/v2\/comments?post=12950"}],"version-history":[{"count":0,"href":"http:\/\/enteculturalsantafesino.com.ar\/usina1\/wp-json\/wp\/v2\/posts\/12950\/revisions"}],"wp:featuredmedia":[{"embeddable":true,"href":"http:\/\/enteculturalsantafesino.com.ar\/usina1\/wp-json\/wp\/v2\/media\/12951"}],"wp:attachment":[{"href":"http:\/\/enteculturalsantafesino.com.ar\/usina1\/wp-json\/wp\/v2\/media?parent=12950"}],"wp:term":[{"taxonomy":"category","embeddable":true,"href":"http:\/\/enteculturalsantafesino.com.ar\/usina1\/wp-json\/wp\/v2\/categories?post=12950"},{"taxonomy":"post_tag","embeddable":true,"href":"http:\/\/enteculturalsantafesino.com.ar\/usina1\/wp-json\/wp\/v2\/tags?post=12950"}],"curies":[{"name":"wp","href":"https:\/\/api.w.org\/{rel}","templated":true}]}}