{"id":12953,"date":"2014-05-01T18:57:39","date_gmt":"2014-05-01T18:57:39","guid":{"rendered":"http:\/\/entecultura.com.ar\/usina1\/?p=12953"},"modified":"2014-05-01T18:57:39","modified_gmt":"2014-05-01T18:57:39","slug":"1-de-mayo-dia-internacional-del-trabajo","status":"publish","type":"post","link":"http:\/\/enteculturalsantafesino.com.ar\/usina1\/2014\/05\/1-de-mayo-dia-internacional-del-trabajo\/","title":{"rendered":"1 de Mayo- D\u00eda Internacional del Trabajo"},"content":{"rendered":"<p>El <b>D\u00eda Internacional de los Trabajadores<\/b> o <b>Primero de Mayo<\/b>, es la fiesta por antonomasia del movimiento obrero mundial. Es una<a href=\"http:\/\/enteculturalsantafesino.com.ar\/usina1\/wp-content\/uploads\/2014\/05\/imagesCAO8BTT3.jpg\" rel=\"lightbox[12953]\"><img loading=\"lazy\" decoding=\"async\" class=\"alignright size-medium wp-image-12954\" src=\"http:\/\/enteculturalsantafesino.com.ar\/usina1\/wp-content\/uploads\/2014\/05\/imagesCAO8BTT3-300x150.jpg\" alt=\"imagesCAO8BTT3\" width=\"300\" height=\"150\" srcset=\"http:\/\/enteculturalsantafesino.com.ar\/usina1\/wp-content\/uploads\/2014\/05\/imagesCAO8BTT3-300x150.jpg 300w, http:\/\/enteculturalsantafesino.com.ar\/usina1\/wp-content\/uploads\/2014\/05\/imagesCAO8BTT3.jpg 316w\" sizes=\"(max-width: 300px) 100vw, 300px\" \/><\/a> jornada que se ha utilizado habitualmente para realizar diferentes reivindicaciones sociales y laborales.<\/p>\n<p>Desde su establecimiento en la mayor\u00eda de pa\u00edses (aunque la consideraci\u00f3n de d\u00eda festivo fue en muchos casos tard\u00eda) por acuerdo del Congreso Obrero Socialista de la Segunda Internacional, celebrado en Par\u00eds en 1889, es una jornada de lucha reivindicativa y de homenaje a los <i>M\u00e1rtires de Chicago<\/i>. Estos sindicalistas anarquistas fueron ejecutados en Estados Unidos por su participaci\u00f3n en las jornadas de lucha por la consecuci\u00f3n de la jornada laboral de ocho horas, que tuvieron su origen en la huelga iniciada el 1 de mayo de 1886 y su punto \u00e1lgido tres d\u00edas m\u00e1s tarde, el 4 de mayo, en la Revuelta de Haymarket. En la actualidad es una fiesta reivindicativa de los derechos de los trabajadores en sentido general, y se celebra en muchos pa\u00edses.<\/p>\n<p>Llamativamente, en Estados Unidos y Canad\u00e1 no se celebra esta conmemoraci\u00f3n. En su lugar se celebra el <i>Labor Day<\/i> el primer lunes de septiembre en un desfile realizado en Nueva York y organizado por la Noble Orden de los Caballeros del Trabajo (<i>Knights of Labor<\/i>, en ingl\u00e9s). El presidente Grover Cleveland, auspici\u00f3 la celebraci\u00f3n en septiembre por temor a que la fecha de mayo reforzase el movimiento socialista en los Estados Unidos desde 1882. Canad\u00e1 se uni\u00f3 a conmemorar el primer lunes de septiembre en vez del primero de mayo a partir de 1894<\/p>\n","protected":false},"excerpt":{"rendered":"<p>El D\u00eda Internacional de los Trabajadores o Primero de Mayo, es la fiesta por antonomasia del movimiento [&hellip;]<\/p>\n","protected":false},"author":3,"featured_media":12954,"comment_status":"closed","ping_status":"closed","sticky":false,"template":"","format":"standard","meta":{"_jetpack_memberships_contains_paid_content":false,"footnotes":"","jetpack_publicize_message":"","jetpack_publicize_feature_enabled":true,"jetpack_social_post_already_shared":false,"jetpack_social_options":{"image_generator_settings":{"template":"highway","enabled":false}}},"categories":[1],"tags":[],"jetpack_publicize_connections":[],"jetpack_sharing_enabled":true,"jetpack_featured_media_url":"http:\/\/enteculturalsantafesino.com.ar\/usina1\/wp-content\/uploads\/2014\/05\/imagesCAO8BTT3.jpg","_links":{"self":[{"href":"http:\/\/enteculturalsantafesino.com.ar\/usina1\/wp-json\/wp\/v2\/posts\/12953"}],"collection":[{"href":"http:\/\/enteculturalsantafesino.com.ar\/usina1\/wp-json\/wp\/v2\/posts"}],"about":[{"href":"http:\/\/enteculturalsantafesino.com.ar\/usina1\/wp-json\/wp\/v2\/types\/post"}],"author":[{"embeddable":true,"href":"http:\/\/enteculturalsantafesino.com.ar\/usina1\/wp-json\/wp\/v2\/users\/3"}],"replies":[{"embeddable":true,"href":"http:\/\/enteculturalsantafesino.com.ar\/usina1\/wp-json\/wp\/v2\/comments?post=12953"}],"version-history":[{"count":0,"href":"http:\/\/enteculturalsantafesino.com.ar\/usina1\/wp-json\/wp\/v2\/posts\/12953\/revisions"}],"wp:featuredmedia":[{"embeddable":true,"href":"http:\/\/enteculturalsantafesino.com.ar\/usina1\/wp-json\/wp\/v2\/media\/12954"}],"wp:attachment":[{"href":"http:\/\/enteculturalsantafesino.com.ar\/usina1\/wp-json\/wp\/v2\/media?parent=12953"}],"wp:term":[{"taxonomy":"category","embeddable":true,"href":"http:\/\/enteculturalsantafesino.com.ar\/usina1\/wp-json\/wp\/v2\/categories?post=12953"},{"taxonomy":"post_tag","embeddable":true,"href":"http:\/\/enteculturalsantafesino.com.ar\/usina1\/wp-json\/wp\/v2\/tags?post=12953"}],"curies":[{"name":"wp","href":"https:\/\/api.w.org\/{rel}","templated":true}]}}