{"id":12957,"date":"2014-05-03T19:24:59","date_gmt":"2014-05-03T19:24:59","guid":{"rendered":"http:\/\/entecultura.com.ar\/usina1\/?p=12957"},"modified":"2014-05-03T19:24:59","modified_gmt":"2014-05-03T19:24:59","slug":"canada-de-gomez-la-biblia-de-vox-dei-interpretada-por-un-seleccionado","status":"publish","type":"post","link":"http:\/\/enteculturalsantafesino.com.ar\/usina1\/2014\/05\/canada-de-gomez-la-biblia-de-vox-dei-interpretada-por-un-seleccionado\/","title":{"rendered":"Ca\u00f1ada de G\u00f3mez: La Biblia de VOX DEI interpretada por un seleccionado"},"content":{"rendered":"<p><span style=\"color: #222222;\">Este fin de semana tendremos la oportunidad de compartir el \u00e1lbum conceptual mas jugado de la historia del rock nacional que es La <a href=\"http:\/\/enteculturalsantafesino.com.ar\/usina1\/wp-content\/uploads\/2014\/04\/10305600_10203915991885304_3359738134707529424_n.jpg\" rel=\"lightbox[12957]\"><img loading=\"lazy\" decoding=\"async\" class=\"alignright size-medium wp-image-12890\" src=\"http:\/\/enteculturalsantafesino.com.ar\/usina1\/wp-content\/uploads\/2014\/04\/10305600_10203915991885304_3359738134707529424_n-211x300.jpg\" alt=\"10305600_10203915991885304_3359738134707529424_n\" width=\"211\" height=\"300\" srcset=\"http:\/\/enteculturalsantafesino.com.ar\/usina1\/wp-content\/uploads\/2014\/04\/10305600_10203915991885304_3359738134707529424_n-211x300.jpg 211w, http:\/\/enteculturalsantafesino.com.ar\/usina1\/wp-content\/uploads\/2014\/04\/10305600_10203915991885304_3359738134707529424_n.jpg 279w\" sizes=\"(max-width: 211px) 100vw, 211px\" \/><\/a>Biblia de Vox Dei interpretado por m\u00fasicos locales.<\/span><\/p>\n<p><span style=\"color: #222222;\">El proyecto que se concretar\u00e1 con la presentaci\u00f3n en vivo el domingo 4 de mayo, a las 16 horas, en plaza San Mart\u00edn corresponde a una idea y deseo del m\u00fasico ca\u00f1adense <b>Luis \u201cLuchi\u201d Giorgis<\/b> (actual Santos en Remera y Carposaurios). \u201cEsto nace de una inquietud o, mas bien, de un sue\u00f1o, porque para mi <b>La Biblia<\/b> de <b>Vox Dei<\/b> es uno de los discos mas importantes del rock nacional. Mas all\u00e1 del concepto de la Biblia tambi\u00e9n esta el hecho hist\u00f3rico y contextual de realizarlo a principio de los 70s jug\u00e1ndose no solo en lo instrumental, que fue de avanzada, sino en la tem\u00e1tica que fue tomar la Biblia y ponerle rock a esas palabras\u201d, explic\u00f3.<\/span><\/p>\n<p><span style=\"color: #222222;\">\u201cPrimero llev\u00e9 la inquietud a la parroquia y a los padres les gust\u00f3 la idea, habl\u00e9 en el municipio y tuve todo el apoyo, comenc\u00e9 a hablar con m\u00fasicos de diferentes estilos y edades, algunos se prendieron al toque, otros estaban complicados por trabajo para combinar horarios de ensayo y esas cosas\u201d, continu\u00f3 Luchi.<\/span><\/p>\n<p><span style=\"color: #222222;\">Se formar\u00e1 una banda con integrantes que cambiar\u00e1n seg\u00fan los temas. Participar\u00e1n <b>Santiago Bataglino<\/b>, <b>Germ\u00e1n Acevedo<\/b> y <b>Fabio Marcolini<\/b> en bater\u00eda; <b>Claudio Pelli<\/b>, <b>Gustavo Sampaolesi<\/b>, <b>Miguel Rubele<\/b>, <b>Rolo Villagra<\/b>, <b>Claudio Suarez<\/b>, <b>Vikt\u00f6r Machad\u00f6<\/b>, y <b>Fer Quir\u00f3z<\/b> en guitarras; <b>Javier Tramanonni<\/b> y <b>Luis Giorgis<\/b> en bajo; <b>Ruben Carrera<\/b>, <b>Juan Gatti<\/b>, y <b>Walter Crola<\/b> en teclados; y seguramente habr\u00e1 varios invitados m\u00e1s.<\/span><\/p>\n<p><span style=\"color: #222222;\">La Biblia<\/span><span style=\"color: #222222;\">\u00a0<\/span><span style=\"color: #222222;\">de Vox Dei fue editada en 1971 y contiene fragmentos del libro sagrado para la religi\u00f3n Cat\u00f3lica Apost\u00f3lica Romana. Los temas que integran el disco son: G\u00e9nesis, Mois\u00e9s, Las Guerras, Profec\u00edas, Libros Sapienciales, Cristo (nacimiento), Cristo (Muerte y Resurrecci\u00f3n), Apocalipsis.<\/span><\/p>\n<p><span style=\"color: #222222;\">Los ensayos siguen de cara a la presentaci\u00f3n del 4 de mayo. \u201cCon los ensayos venimos bien con muchas ganas de que llegue el domingo. A todos les gust\u00f3 el proyecto, muchos van a ser parte otros ser\u00e1n espectadores. Los espero a todos\u201d, se\u00f1al\u00f3 Luchi como cierre de la nota.<span id=\"pastemarkerend44206\"><\/span><\/span><\/p>\n","protected":false},"excerpt":{"rendered":"<p>Este fin de semana tendremos la oportunidad de compartir el \u00e1lbum conceptual mas jugado de la historia [&hellip;]<\/p>\n","protected":false},"author":3,"featured_media":12890,"comment_status":"closed","ping_status":"closed","sticky":false,"template":"","format":"standard","meta":{"_jetpack_memberships_contains_paid_content":false,"footnotes":"","jetpack_publicize_message":"","jetpack_publicize_feature_enabled":true,"jetpack_social_post_already_shared":false,"jetpack_social_options":{"image_generator_settings":{"template":"highway","enabled":false}}},"categories":[11],"tags":[],"jetpack_publicize_connections":[],"jetpack_sharing_enabled":true,"jetpack_featured_media_url":"http:\/\/enteculturalsantafesino.com.ar\/usina1\/wp-content\/uploads\/2014\/04\/10305600_10203915991885304_3359738134707529424_n.jpg","_links":{"self":[{"href":"http:\/\/enteculturalsantafesino.com.ar\/usina1\/wp-json\/wp\/v2\/posts\/12957"}],"collection":[{"href":"http:\/\/enteculturalsantafesino.com.ar\/usina1\/wp-json\/wp\/v2\/posts"}],"about":[{"href":"http:\/\/enteculturalsantafesino.com.ar\/usina1\/wp-json\/wp\/v2\/types\/post"}],"author":[{"embeddable":true,"href":"http:\/\/enteculturalsantafesino.com.ar\/usina1\/wp-json\/wp\/v2\/users\/3"}],"replies":[{"embeddable":true,"href":"http:\/\/enteculturalsantafesino.com.ar\/usina1\/wp-json\/wp\/v2\/comments?post=12957"}],"version-history":[{"count":0,"href":"http:\/\/enteculturalsantafesino.com.ar\/usina1\/wp-json\/wp\/v2\/posts\/12957\/revisions"}],"wp:featuredmedia":[{"embeddable":true,"href":"http:\/\/enteculturalsantafesino.com.ar\/usina1\/wp-json\/wp\/v2\/media\/12890"}],"wp:attachment":[{"href":"http:\/\/enteculturalsantafesino.com.ar\/usina1\/wp-json\/wp\/v2\/media?parent=12957"}],"wp:term":[{"taxonomy":"category","embeddable":true,"href":"http:\/\/enteculturalsantafesino.com.ar\/usina1\/wp-json\/wp\/v2\/categories?post=12957"},{"taxonomy":"post_tag","embeddable":true,"href":"http:\/\/enteculturalsantafesino.com.ar\/usina1\/wp-json\/wp\/v2\/tags?post=12957"}],"curies":[{"name":"wp","href":"https:\/\/api.w.org\/{rel}","templated":true}]}}