{"id":12959,"date":"2014-05-05T00:25:11","date_gmt":"2014-05-05T00:25:11","guid":{"rendered":"http:\/\/entecultura.com.ar\/usina1\/?p=12959"},"modified":"2014-05-05T00:25:11","modified_gmt":"2014-05-05T00:25:11","slug":"musicos-canadenses-revivieron-un-clasico","status":"publish","type":"post","link":"http:\/\/enteculturalsantafesino.com.ar\/usina1\/2014\/05\/musicos-canadenses-revivieron-un-clasico\/","title":{"rendered":"M\u00fasicos Ca\u00f1adenses revivieron un cl\u00e1sico"},"content":{"rendered":"<p>Ante una plaza San Mart\u00edn colmada en la tarde del domingo y liderados por \u00abLuchi\u00bb Giorgis, \u00a0un conjunto de artistas de nuestra ciudad <a href=\"http:\/\/enteculturalsantafesino.com.ar\/usina1\/wp-content\/uploads\/2014\/05\/voxdeienplaza.jpg\" rel=\"lightbox[12959]\"><img loading=\"lazy\" decoding=\"async\" class=\"alignright size-full wp-image-12960\" src=\"http:\/\/enteculturalsantafesino.com.ar\/usina1\/wp-content\/uploads\/2014\/05\/voxdeienplaza.jpg\" alt=\"voxdeienplaza\" width=\"260\" height=\"195\" \/><\/a>interpretaron en vivo un hito del rock nacional: La Biblia de Vox Dei.<\/p>\n<p>En el marco del programa Cultura Positiva que la gesti\u00f3n de la intendenta Stella Cl\u00e9rici ha lanzado recientemente, un seleccionado de m\u00fasicos ca\u00f1adenses particip\u00f3 de de la interpretaci\u00f3n en vivo de La Biblia de Vox Dei.<\/p>\n<p>Liderados por \u00a0\u00abLuchi\u00bb \u00a0Giorgis subieron al escenario diferentes artistas para componer \u00a0la monumental obra y hasta el padre Nestor Negri se anim\u00f3 a cantar algunos temas en formato rockero. \u00abTodos quedamos muy contentos con este show, nos conocemos y disfrutamos de compartir el escenario. El padre N\u00e9stor se cop\u00f3 y estuvo en el escenario con nosotros\u00bb, expres\u00f3\u00a0 Giorgis.<\/p>\n<p>Desde el equipo de trabajo de Stella Cl\u00e9rici\u00a0 se\u00f1alaron \u00a0que ya han tenido conversaciones con \u00abLuchi\u00bb para llevar a\u00a0 trav\u00e9s \u00a0de Cultura Positiva este espect\u00e1culo a otras localidades. \u00a0\u00abPara nosotros es un gusto poder contar con artistas de esta calidad y queremos agradecer porque todos vinieron con la mejor mejor predisposici\u00f3n a participar\u00bb, destacaron.<\/p>\n<p>\u00abFue un ejemplo de suma de voluntades; el municipio, la parroquia y los artistas nos convocamos para llevarle a los ca\u00f1adenses \u00a0la recreaci\u00f3n art\u00edstica de este emblema de nuestro rock\u00bb, concluyeron al caer la tarde m\u00e1s que satisfechos por lo obtenido.<\/p>\n","protected":false},"excerpt":{"rendered":"<p>Ante una plaza San Mart\u00edn colmada en la tarde del domingo y liderados por \u00abLuchi\u00bb Giorgis, \u00a0un [&hellip;]<\/p>\n","protected":false},"author":3,"featured_media":12960,"comment_status":"closed","ping_status":"closed","sticky":false,"template":"","format":"standard","meta":{"_jetpack_memberships_contains_paid_content":false,"footnotes":"","jetpack_publicize_message":"","jetpack_publicize_feature_enabled":true,"jetpack_social_post_already_shared":false,"jetpack_social_options":{"image_generator_settings":{"template":"highway","enabled":false}}},"categories":[11],"tags":[],"jetpack_publicize_connections":[],"jetpack_sharing_enabled":true,"jetpack_featured_media_url":"http:\/\/enteculturalsantafesino.com.ar\/usina1\/wp-content\/uploads\/2014\/05\/voxdeienplaza.jpg","_links":{"self":[{"href":"http:\/\/enteculturalsantafesino.com.ar\/usina1\/wp-json\/wp\/v2\/posts\/12959"}],"collection":[{"href":"http:\/\/enteculturalsantafesino.com.ar\/usina1\/wp-json\/wp\/v2\/posts"}],"about":[{"href":"http:\/\/enteculturalsantafesino.com.ar\/usina1\/wp-json\/wp\/v2\/types\/post"}],"author":[{"embeddable":true,"href":"http:\/\/enteculturalsantafesino.com.ar\/usina1\/wp-json\/wp\/v2\/users\/3"}],"replies":[{"embeddable":true,"href":"http:\/\/enteculturalsantafesino.com.ar\/usina1\/wp-json\/wp\/v2\/comments?post=12959"}],"version-history":[{"count":0,"href":"http:\/\/enteculturalsantafesino.com.ar\/usina1\/wp-json\/wp\/v2\/posts\/12959\/revisions"}],"wp:featuredmedia":[{"embeddable":true,"href":"http:\/\/enteculturalsantafesino.com.ar\/usina1\/wp-json\/wp\/v2\/media\/12960"}],"wp:attachment":[{"href":"http:\/\/enteculturalsantafesino.com.ar\/usina1\/wp-json\/wp\/v2\/media?parent=12959"}],"wp:term":[{"taxonomy":"category","embeddable":true,"href":"http:\/\/enteculturalsantafesino.com.ar\/usina1\/wp-json\/wp\/v2\/categories?post=12959"},{"taxonomy":"post_tag","embeddable":true,"href":"http:\/\/enteculturalsantafesino.com.ar\/usina1\/wp-json\/wp\/v2\/tags?post=12959"}],"curies":[{"name":"wp","href":"https:\/\/api.w.org\/{rel}","templated":true}]}}