{"id":12963,"date":"2014-05-06T13:45:56","date_gmt":"2014-05-06T13:45:56","guid":{"rendered":"http:\/\/entecultura.com.ar\/usina1\/?p=12963"},"modified":"2014-05-06T15:40:37","modified_gmt":"2014-05-06T15:40:37","slug":"taller-de-artesanias-en-san-genaro","status":"publish","type":"post","link":"http:\/\/enteculturalsantafesino.com.ar\/usina1\/2014\/05\/taller-de-artesanias-en-san-genaro\/","title":{"rendered":"Taller de Artesan\u00edas en San Genaro"},"content":{"rendered":"<p>La Coordinaci\u00f3n de Desarrollo Social de la Municipalidad de San Genaro contin\u00faa trabajando en el Barrio San Cayetano con un grupo de <a href=\"http:\/\/enteculturalsantafesino.com.ar\/usina1\/wp-content\/uploads\/2014\/05\/1959449_751930724838023_3142052337791240100_n.jpg\" rel=\"lightbox[12963]\"><img loading=\"lazy\" decoding=\"async\" class=\"alignright size-medium wp-image-12964\" src=\"http:\/\/enteculturalsantafesino.com.ar\/usina1\/wp-content\/uploads\/2014\/05\/1959449_751930724838023_3142052337791240100_n-300x225.jpg\" alt=\"1959449_751930724838023_3142052337791240100_n\" width=\"300\" height=\"225\" srcset=\"http:\/\/enteculturalsantafesino.com.ar\/usina1\/wp-content\/uploads\/2014\/05\/1959449_751930724838023_3142052337791240100_n-300x225.jpg 300w, http:\/\/enteculturalsantafesino.com.ar\/usina1\/wp-content\/uploads\/2014\/05\/1959449_751930724838023_3142052337791240100_n.jpg 960w\" sizes=\"(max-width: 300px) 100vw, 300px\" \/><\/a>mujeres que realizan diferentes actividades artesanales: carteras, porta celulares, f<span class=\"text_exposed_show\">razadas, billeteras en cuerina, pintura sobre madera, etc. Esta apuesta del municipio tiende a fomentar la sociabilizaci\u00f3n entre los vecinos, creando adem\u00e1s un posible ingreso econ\u00f3mico y dando oportunidad a aquellas personas que tienen ganas de sumar conocimientos.<\/span> Un ambiente c\u00e1lido de aprendizaje, charlas y buenos momentos. Las clases est\u00e1n a cargo de Susana Filipponi y son totalmente gratuitas. Para aquellas mujeres que todav\u00eda no se han inscripto y quieren participar, pueden acercarse los d\u00edas martes desde las 14:30 hs al Sal\u00f3n Comunitario San Cayetano o comunicarse al tel\u00e9fono 03401-449281 de Lunes a Viernes de 8 a 12:30 hs.<\/p>\n","protected":false},"excerpt":{"rendered":"<p>La Coordinaci\u00f3n de Desarrollo Social de la Municipalidad de San Genaro contin\u00faa trabajando en el Barrio San [&hellip;]<\/p>\n","protected":false},"author":3,"featured_media":12964,"comment_status":"closed","ping_status":"closed","sticky":false,"template":"","format":"standard","meta":{"_jetpack_memberships_contains_paid_content":false,"footnotes":"","jetpack_publicize_message":"","jetpack_publicize_feature_enabled":true,"jetpack_social_post_already_shared":false,"jetpack_social_options":{"image_generator_settings":{"template":"highway","enabled":false}}},"categories":[28],"tags":[],"jetpack_publicize_connections":[],"jetpack_sharing_enabled":true,"jetpack_featured_media_url":"http:\/\/enteculturalsantafesino.com.ar\/usina1\/wp-content\/uploads\/2014\/05\/1959449_751930724838023_3142052337791240100_n.jpg","_links":{"self":[{"href":"http:\/\/enteculturalsantafesino.com.ar\/usina1\/wp-json\/wp\/v2\/posts\/12963"}],"collection":[{"href":"http:\/\/enteculturalsantafesino.com.ar\/usina1\/wp-json\/wp\/v2\/posts"}],"about":[{"href":"http:\/\/enteculturalsantafesino.com.ar\/usina1\/wp-json\/wp\/v2\/types\/post"}],"author":[{"embeddable":true,"href":"http:\/\/enteculturalsantafesino.com.ar\/usina1\/wp-json\/wp\/v2\/users\/3"}],"replies":[{"embeddable":true,"href":"http:\/\/enteculturalsantafesino.com.ar\/usina1\/wp-json\/wp\/v2\/comments?post=12963"}],"version-history":[{"count":0,"href":"http:\/\/enteculturalsantafesino.com.ar\/usina1\/wp-json\/wp\/v2\/posts\/12963\/revisions"}],"wp:featuredmedia":[{"embeddable":true,"href":"http:\/\/enteculturalsantafesino.com.ar\/usina1\/wp-json\/wp\/v2\/media\/12964"}],"wp:attachment":[{"href":"http:\/\/enteculturalsantafesino.com.ar\/usina1\/wp-json\/wp\/v2\/media?parent=12963"}],"wp:term":[{"taxonomy":"category","embeddable":true,"href":"http:\/\/enteculturalsantafesino.com.ar\/usina1\/wp-json\/wp\/v2\/categories?post=12963"},{"taxonomy":"post_tag","embeddable":true,"href":"http:\/\/enteculturalsantafesino.com.ar\/usina1\/wp-json\/wp\/v2\/tags?post=12963"}],"curies":[{"name":"wp","href":"https:\/\/api.w.org\/{rel}","templated":true}]}}