{"id":12970,"date":"2014-05-07T22:55:50","date_gmt":"2014-05-07T22:55:50","guid":{"rendered":"http:\/\/entecultura.com.ar\/usina1\/?p=12970"},"modified":"2014-05-07T22:55:50","modified_gmt":"2014-05-07T22:55:50","slug":"asumio-teresa-parodi-al-frente-del-ministerio-de-cultura","status":"publish","type":"post","link":"http:\/\/enteculturalsantafesino.com.ar\/usina1\/2014\/05\/asumio-teresa-parodi-al-frente-del-ministerio-de-cultura\/","title":{"rendered":"Asumi\u00f3 Teresa Parodi al Frente del Ministerio de Cultura"},"content":{"rendered":"<p>Ante la presencia del gabinete nacional en su totalidad, el escribano del Gobierno, Natalio Echegaray, y un gran n\u00famero de asistentes, <a href=\"http:\/\/enteculturalsantafesino.com.ar\/usina1\/wp-content\/uploads\/2014\/05\/asuncion_teresa_parodi_900-600x450.jpg\" rel=\"lightbox[12970]\"><img loading=\"lazy\" decoding=\"async\" class=\"alignright size-medium wp-image-12971\" src=\"http:\/\/enteculturalsantafesino.com.ar\/usina1\/wp-content\/uploads\/2014\/05\/asuncion_teresa_parodi_900-600x450-300x225.jpg\" alt=\"asuncion_teresa_parodi_900-600x450\" width=\"300\" height=\"225\" srcset=\"http:\/\/enteculturalsantafesino.com.ar\/usina1\/wp-content\/uploads\/2014\/05\/asuncion_teresa_parodi_900-600x450-300x225.jpg 300w, http:\/\/enteculturalsantafesino.com.ar\/usina1\/wp-content\/uploads\/2014\/05\/asuncion_teresa_parodi_900-600x450.jpg 600w\" sizes=\"(max-width: 300px) 100vw, 300px\" \/><\/a>Teresa Parodi jur\u00f3 ante la presidenta Cristina Fern\u00e1ndez al frente de la nueva cartera. A su lado se encontraba el saliente secretario de Cultura, Jorge Coscia. El acto se llev\u00f3 a cabo en el Sal\u00f3n Blanco de la Casa de Gobierno.<\/p>\n<p>El escribano Natalio Echegaray indic\u00f3 la creaci\u00f3n del ministerio de acuerdo al decreto 641\/14 publicado hoy en el Bolet\u00edn Oficial y la desiganci\u00f3n de Parodi seg\u00fan figura en el decreto 642\/14.<\/p>\n<p>Teresa Adelina Sellar\u00e9s naci\u00f3 en Corrientes y adem\u00e1s de cantante es autora y compositora. En el a\u00f1o 1999 gan\u00f3 el premio Cam\u00edn de Oro a la trayectoria, en el Festival Nacional del Folclore de Cosqu\u00edn.<\/p>\n<p>Luego de su asunci\u00f3n, en breve di\u00e1logo con la prensa, la flamante titular de la nueva cartera de Cultura dijo que \u00abimagino un ministerio de puertas abiertas, con las mismas pol\u00edticas que ya est\u00e1n, m\u00e1s profundizadas para que sea m\u00e1s visible la maravillosa diversidad cultural que hay en la Argentina\u00bb.<\/p>\n<p>Consider\u00f3 a la creaci\u00f3n del ministerio de Cultura \u00abes una noticia extraordinaria\u00bb, y asegur\u00f3 estar \u00abmuy emocionada y honrada de que la Presidenta piense que yo puedo trabajar desde all\u00ed para seguir haciendo la gesti\u00f3n cultural que ya lleva este Gobierno y que vamos a seguir construyendo\u00bb.<\/p>\n<p><em><strong>fuente: cultura.gov.ar<\/strong><\/em><\/p>\n","protected":false},"excerpt":{"rendered":"<p>Ante la presencia del gabinete nacional en su totalidad, el escribano del Gobierno, Natalio Echegaray, y un [&hellip;]<\/p>\n","protected":false},"author":3,"featured_media":12971,"comment_status":"closed","ping_status":"closed","sticky":false,"template":"","format":"standard","meta":{"_jetpack_memberships_contains_paid_content":false,"footnotes":"","jetpack_publicize_message":"","jetpack_publicize_feature_enabled":true,"jetpack_social_post_already_shared":false,"jetpack_social_options":{"image_generator_settings":{"template":"highway","enabled":false}}},"categories":[1],"tags":[],"jetpack_publicize_connections":[],"jetpack_sharing_enabled":true,"jetpack_featured_media_url":"http:\/\/enteculturalsantafesino.com.ar\/usina1\/wp-content\/uploads\/2014\/05\/asuncion_teresa_parodi_900-600x450.jpg","_links":{"self":[{"href":"http:\/\/enteculturalsantafesino.com.ar\/usina1\/wp-json\/wp\/v2\/posts\/12970"}],"collection":[{"href":"http:\/\/enteculturalsantafesino.com.ar\/usina1\/wp-json\/wp\/v2\/posts"}],"about":[{"href":"http:\/\/enteculturalsantafesino.com.ar\/usina1\/wp-json\/wp\/v2\/types\/post"}],"author":[{"embeddable":true,"href":"http:\/\/enteculturalsantafesino.com.ar\/usina1\/wp-json\/wp\/v2\/users\/3"}],"replies":[{"embeddable":true,"href":"http:\/\/enteculturalsantafesino.com.ar\/usina1\/wp-json\/wp\/v2\/comments?post=12970"}],"version-history":[{"count":0,"href":"http:\/\/enteculturalsantafesino.com.ar\/usina1\/wp-json\/wp\/v2\/posts\/12970\/revisions"}],"wp:featuredmedia":[{"embeddable":true,"href":"http:\/\/enteculturalsantafesino.com.ar\/usina1\/wp-json\/wp\/v2\/media\/12971"}],"wp:attachment":[{"href":"http:\/\/enteculturalsantafesino.com.ar\/usina1\/wp-json\/wp\/v2\/media?parent=12970"}],"wp:term":[{"taxonomy":"category","embeddable":true,"href":"http:\/\/enteculturalsantafesino.com.ar\/usina1\/wp-json\/wp\/v2\/categories?post=12970"},{"taxonomy":"post_tag","embeddable":true,"href":"http:\/\/enteculturalsantafesino.com.ar\/usina1\/wp-json\/wp\/v2\/tags?post=12970"}],"curies":[{"name":"wp","href":"https:\/\/api.w.org\/{rel}","templated":true}]}}