{"id":12974,"date":"2014-05-12T00:24:10","date_gmt":"2014-05-12T00:24:10","guid":{"rendered":"http:\/\/entecultura.com.ar\/usina1\/?p=12974"},"modified":"2014-05-13T13:22:37","modified_gmt":"2014-05-13T13:22:37","slug":"catalina-serdarevich-y-jorge-meynet-presentes-en-la-40o-feria-del-libro","status":"publish","type":"post","link":"http:\/\/enteculturalsantafesino.com.ar\/usina1\/2014\/05\/catalina-serdarevich-y-jorge-meynet-presentes-en-la-40o-feria-del-libro\/","title":{"rendered":"Catalina Serdarevich y Jorge Meynet presentes en la 40\u00ba Feria del Libro"},"content":{"rendered":"<p>Las ediciones literarias<a href=\"http:\/\/enteculturalsantafesino.com.ar\/depuebloenpueblo\/2013\/\">\u00a0\u201cDe Pueblo en Pueblo 2013 \u00a0del Ente Cultural Santafesino<\/a>,\u00a0<em>\u201cLa V\u00eda L\u00e1ctea\u201d del Centro de D\u00eda Municipal, los <a href=\"http:\/\/enteculturalsantafesino.com.ar\/usina1\/wp-content\/uploads\/2014\/05\/10313365_774227532611824_8811854520400489466_n.jpg\" rel=\"lightbox[12974]\"><img loading=\"lazy\" decoding=\"async\" class=\"alignright size-medium wp-image-12975\" src=\"http:\/\/enteculturalsantafesino.com.ar\/usina1\/wp-content\/uploads\/2014\/05\/10313365_774227532611824_8811854520400489466_n-300x224.jpg\" alt=\"10313365_774227532611824_8811854520400489466_n\" width=\"300\" height=\"224\" srcset=\"http:\/\/enteculturalsantafesino.com.ar\/usina1\/wp-content\/uploads\/2014\/05\/10313365_774227532611824_8811854520400489466_n-300x224.jpg 300w, http:\/\/enteculturalsantafesino.com.ar\/usina1\/wp-content\/uploads\/2014\/05\/10313365_774227532611824_8811854520400489466_n.jpg 403w\" sizes=\"(max-width: 300px) 100vw, 300px\" \/><\/a>libros del escritor Rub\u00e9n Pron y los ejemplares del Lic. Carlos Pairetti<\/em>\u00a0participan del\u00a0<strong>Stand Oficial de la Provincia de Santa Fe<\/strong>\u00a0en la\u00a0<a href=\"http:\/\/www.el-libro.org.ar\">40\u00ba Feria Internacional del Libro de Buenos Aires<\/a>, \u00a0\u00a0que se realiza desde el\u00a0<em>24 de abril y hasta el 12 de mayo de 2014<\/em>\u00a0en el Predio La Rural de Palermo.\u00a0Dicho stand est\u00e1 ubicado en el Pabell\u00f3n Ocre y lleva el n\u00famero 3007<i>.<\/i><\/p>\n<p>La\u00a0<strong>Prof. Catalina Serdarevich Coordinadora del Depto. de Literatura de Ente Cultural Santafesino<\/strong>\u00a0fue invitada por el\u00a0<strong>Director de Desarrollo Cultural de la Municipalidad de El Tr\u00e9bol Jorge Meynet<\/strong>\u00a0a compartir del viaje programado el \u00faltimo 7 de mayo junto a los escritores de la ciudad de El Tr\u00e9bol.<\/p>\n<p>Entre ellos se encontraban\u00a0<em>Haydee Beltran, N\u00e9stor Musachi, Ricardo Desumvila, Mar\u00eda Teresa Ramos y \u00a0Silvia Luciano<\/em>\u00a0por los trabajos presentados en \u201cDe Pueblo en Pueblo\u201d<\/p>\n<p>Adem\u00e1s compartieron el viaje las coordinadoras del\u00a0<em>Centro de D\u00eda Municipal Prof. Graciela Pons, Prof. Carina Rasero, Prof. Soledad Rosso por su libro \u201cLa V\u00eda L\u00e1ctea\u201d.<\/em><\/p>\n<p>Tambi\u00e9n viaj\u00f3 el \u00a0periodista y escritor\u00a0<em>Rub\u00e9n \u201cChacho\u201d Pron<\/em>, los escritores\u00a0<em>Mar\u00eda del Huerto Bruno, Belquis Leroyer, \u00a0Dante Brocca.<\/em><\/p>\n<p>El<strong>\u00a0Director de Desarrollo Cultural Jorge Meynet<\/strong>\u00a0explic\u00f3:\u00a0<em>\u201cLos escritores de nuestra ciudad, algunos por primera vez, pudieron <a href=\"http:\/\/enteculturalsantafesino.com.ar\/usina1\/wp-content\/uploads\/2014\/05\/10269465_771357879564268_5238930231483623286_n.jpg\" rel=\"lightbox[12974]\"><img loading=\"lazy\" decoding=\"async\" class=\"alignright size-medium wp-image-12976\" src=\"http:\/\/enteculturalsantafesino.com.ar\/usina1\/wp-content\/uploads\/2014\/05\/10269465_771357879564268_5238930231483623286_n-225x300.jpg\" alt=\"10269465_771357879564268_5238930231483623286_n\" width=\"225\" height=\"300\" srcset=\"http:\/\/enteculturalsantafesino.com.ar\/usina1\/wp-content\/uploads\/2014\/05\/10269465_771357879564268_5238930231483623286_n-225x300.jpg 225w, http:\/\/enteculturalsantafesino.com.ar\/usina1\/wp-content\/uploads\/2014\/05\/10269465_771357879564268_5238930231483623286_n.jpg 720w\" sizes=\"(max-width: 225px) 100vw, 225px\" \/><\/a>estar con sus escritores favoritos, comprar, recorrer y ver distintas muestras y exposiciones como la del Papa Francisco la cual fue visitada por m\u00e1s de 100 mil personas, fue una gran experiencia, una jornada de 5 horas donde el contingente de El Tr\u00e9bol lo pas\u00f3 m<\/em><em>uy bien\u201d.<\/em><\/p>\n<p>La\u00a0<strong>Profesora\u00a0Catalina\u00a0Serdarevich<\/strong>\u00a0manifest\u00f3:\u00a0<em>\u201cHoy llego a la Feria del libro en mi funci\u00f3n de\u00a0Coordinadora\u00a0del Depto. Literatura del Ente\u00a0Cultural, me sorprendi\u00f3 y es una fiesta para los ojos, para la lectura, para comprar, un viaje que me result\u00f3 realmente interesante\u201d. \u00abSin lugar a dudas esta posibilidad que brinda el Ministerio de Cultura e Innovaci\u00f3n de la\u00a0Provincia\u00a0es muy \u00a0interesante permitiendo promover todo el talento de nuestros escritores\u00bb.<\/em><\/p>\n<p><em>Durante este s\u00e1bado 10 el Stand de la\u00a0Provincia\u00a0adhiere al\u00a0Programa Libro con un 50 por ciento de descuento para todas las Bibliotecas Populares del pa\u00eds las cuales\u00a0recibir\u00e1n\u00a0ejemplares de la\u00a0Antolog\u00eda \u00abDe Pueblo en Pueblo 2013\u00bb<\/em><\/p>\n<p><em>Serdarevich invit\u00f3 a sumarse a la nueva\u00a0Antolog\u00eda\u00a0<a href=\"http:\/\/enteculturalsantafesino.com.ar\/depuebloenpueblo\/BASES%202014%20-%20DE%20PUEBLO%20EN%20PUEBLO.pdf\">\u00abDe Pueblo en Pueblo 2014\u00bb\u00a0<\/a>la cual se encuentra auspiciada por la Diputada Nacional Claudia Giaccone , descargando las bases desde la web oficial\u00a0www.enteculturalsantafesino.com.ar .<\/em><\/p>\n<p><em><strong>fuente: Como Somos Digital<\/strong><\/em><\/p>\n<p><em><strong>Edici\u00f3n: Ente Cultura<\/strong><\/em><\/p>\n<p>&nbsp;<\/p>\n","protected":false},"excerpt":{"rendered":"<p>Las ediciones literarias\u00a0\u201cDe Pueblo en Pueblo 2013 \u00a0del Ente Cultural Santafesino,\u00a0\u201cLa V\u00eda L\u00e1ctea\u201d del Centro de D\u00eda [&hellip;]<\/p>\n","protected":false},"author":3,"featured_media":12975,"comment_status":"closed","ping_status":"closed","sticky":false,"template":"","format":"standard","meta":{"_jetpack_memberships_contains_paid_content":false,"footnotes":"","jetpack_publicize_message":"","jetpack_publicize_feature_enabled":true,"jetpack_social_post_already_shared":false,"jetpack_social_options":{"image_generator_settings":{"template":"highway","enabled":false}}},"categories":[23,18,38],"tags":[],"jetpack_publicize_connections":[],"jetpack_sharing_enabled":true,"jetpack_featured_media_url":"http:\/\/enteculturalsantafesino.com.ar\/usina1\/wp-content\/uploads\/2014\/05\/10313365_774227532611824_8811854520400489466_n.jpg","_links":{"self":[{"href":"http:\/\/enteculturalsantafesino.com.ar\/usina1\/wp-json\/wp\/v2\/posts\/12974"}],"collection":[{"href":"http:\/\/enteculturalsantafesino.com.ar\/usina1\/wp-json\/wp\/v2\/posts"}],"about":[{"href":"http:\/\/enteculturalsantafesino.com.ar\/usina1\/wp-json\/wp\/v2\/types\/post"}],"author":[{"embeddable":true,"href":"http:\/\/enteculturalsantafesino.com.ar\/usina1\/wp-json\/wp\/v2\/users\/3"}],"replies":[{"embeddable":true,"href":"http:\/\/enteculturalsantafesino.com.ar\/usina1\/wp-json\/wp\/v2\/comments?post=12974"}],"version-history":[{"count":0,"href":"http:\/\/enteculturalsantafesino.com.ar\/usina1\/wp-json\/wp\/v2\/posts\/12974\/revisions"}],"wp:featuredmedia":[{"embeddable":true,"href":"http:\/\/enteculturalsantafesino.com.ar\/usina1\/wp-json\/wp\/v2\/media\/12975"}],"wp:attachment":[{"href":"http:\/\/enteculturalsantafesino.com.ar\/usina1\/wp-json\/wp\/v2\/media?parent=12974"}],"wp:term":[{"taxonomy":"category","embeddable":true,"href":"http:\/\/enteculturalsantafesino.com.ar\/usina1\/wp-json\/wp\/v2\/categories?post=12974"},{"taxonomy":"post_tag","embeddable":true,"href":"http:\/\/enteculturalsantafesino.com.ar\/usina1\/wp-json\/wp\/v2\/tags?post=12974"}],"curies":[{"name":"wp","href":"https:\/\/api.w.org\/{rel}","templated":true}]}}