{"id":13231,"date":"2014-06-23T17:12:54","date_gmt":"2014-06-23T17:12:54","guid":{"rendered":"http:\/\/entecultura.com.ar\/usina1\/?p=13231"},"modified":"2014-06-23T17:12:54","modified_gmt":"2014-06-23T17:12:54","slug":"paso-la-15o-feria-de-emprendedores-en-san-genaro","status":"publish","type":"post","link":"http:\/\/enteculturalsantafesino.com.ar\/usina1\/2014\/06\/paso-la-15o-feria-de-emprendedores-en-san-genaro\/","title":{"rendered":"Pas\u00f3 la 15\u00ba Feria de Emprendedores en San Genaro"},"content":{"rendered":"<p><span class=\"fbPhotoCaptionText\">Las coordinaciones de Producci\u00f3n y Cultura de la<a href=\"http:\/\/enteculturalsantafesino.com.ar\/usina1\/wp-content\/uploads\/2014\/06\/10492377_778776215486807_1235207489129673270_n.jpg\" rel=\"lightbox[13231]\"><img loading=\"lazy\" decoding=\"async\" class=\"alignright size-medium wp-image-13233\" src=\"http:\/\/enteculturalsantafesino.com.ar\/usina1\/wp-content\/uploads\/2014\/06\/10492377_778776215486807_1235207489129673270_n-300x225.jpg\" alt=\"10492377_778776215486807_1235207489129673270_n\" width=\"300\" height=\"225\" srcset=\"http:\/\/enteculturalsantafesino.com.ar\/usina1\/wp-content\/uploads\/2014\/06\/10492377_778776215486807_1235207489129673270_n-300x225.jpg 300w, http:\/\/enteculturalsantafesino.com.ar\/usina1\/wp-content\/uploads\/2014\/06\/10492377_778776215486807_1235207489129673270_n.jpg 960w\" sizes=\"(max-width: 300px) 100vw, 300px\" \/><\/a> <\/span><\/p>\n<p><span class=\"fbPhotoCaptionText\">Municipalidad de San Genaro llevaron adelante una nueva edici\u00f3n de la tradicional Feria de Emprendedores y Artesanos. Ciento de sangenarinos se reunieron en la tarde del domingo en la Plaza del Avi\u00f3n.<\/p>\n<p>Los stand armaron el paseo de compras donde los visitantes pudieron comprar los panificados para acompa\u00f1ar los mates de la tarde, adem\u00e1s los artesanos que se especializan en tejidos pudieron exponer sus nuevos dise\u00f1os de la temporada invernal. Otra de las novedades de esta 15ta edici\u00f3n fue la presentaci\u00f3n de \u201cPanificados Cristina\u201d y \u201cArtesanas Criollas\u201d fruto del trabajo que viene realizando la Coordinaci\u00f3n de Desarrollo Social en los Barrios Rotelli y San Cayetano.<\/p>\n<p>Otra propuesta que se sum\u00f3 en esta Feria fue el \u201cNAC M\u00f3vil\u201d trasladando parte del N\u00facleo de Acceso al Conocimiento para que los m\u00e1s <a href=\"http:\/\/enteculturalsantafesino.com.ar\/usina1\/wp-content\/uploads\/2014\/06\/10462635_778775365486892_2392584544689507039_n.jpg\" rel=\"lightbox[13231]\"><img loading=\"lazy\" decoding=\"async\" class=\"alignright size-medium wp-image-13232\" src=\"http:\/\/enteculturalsantafesino.com.ar\/usina1\/wp-content\/uploads\/2014\/06\/10462635_778775365486892_2392584544689507039_n-300x225.jpg\" alt=\"10462635_778775365486892_2392584544689507039_n\" width=\"300\" height=\"225\" srcset=\"http:\/\/enteculturalsantafesino.com.ar\/usina1\/wp-content\/uploads\/2014\/06\/10462635_778775365486892_2392584544689507039_n-300x225.jpg 300w, http:\/\/enteculturalsantafesino.com.ar\/usina1\/wp-content\/uploads\/2014\/06\/10462635_778775365486892_2392584544689507039_n.jpg 960w\" sizes=\"(max-width: 300px) 100vw, 300px\" \/><\/a>chicos puedan disfrutar de las computadoras con juegos en red y la consola Wii.<\/p>\n<p>En cuanto a la parte musical la pe\u00f1a en \u201cCeleste y Blanco\u201d tuvo sobre su escenario a Alberto Ruiz, Leo Vivas y sus Amigos, Ricardo Parisi y su acorde\u00f3n y el cierre a todo ritmo con Miguel \u00c1ngel Gim\u00e9nez.<\/p>\n<p>La pr\u00f3xima Feria se llevar\u00e1 a cabo en la Plaza Gral. San Mart\u00edn (zona este) el d\u00eda mi\u00e9rcoles 9 de Julio.<\/span><\/p>\n","protected":false},"excerpt":{"rendered":"<p>Las coordinaciones de Producci\u00f3n y Cultura de la Municipalidad de San Genaro llevaron adelante una nueva edici\u00f3n [&hellip;]<\/p>\n","protected":false},"author":3,"featured_media":13233,"comment_status":"closed","ping_status":"closed","sticky":false,"template":"","format":"standard","meta":{"_jetpack_memberships_contains_paid_content":false,"footnotes":"","jetpack_publicize_message":"","jetpack_publicize_feature_enabled":true,"jetpack_social_post_already_shared":true,"jetpack_social_options":{"image_generator_settings":{"template":"highway","enabled":false}}},"categories":[28],"tags":[],"jetpack_publicize_connections":[],"jetpack_sharing_enabled":true,"jetpack_featured_media_url":"http:\/\/enteculturalsantafesino.com.ar\/usina1\/wp-content\/uploads\/2014\/06\/10492377_778776215486807_1235207489129673270_n.jpg","_links":{"self":[{"href":"http:\/\/enteculturalsantafesino.com.ar\/usina1\/wp-json\/wp\/v2\/posts\/13231"}],"collection":[{"href":"http:\/\/enteculturalsantafesino.com.ar\/usina1\/wp-json\/wp\/v2\/posts"}],"about":[{"href":"http:\/\/enteculturalsantafesino.com.ar\/usina1\/wp-json\/wp\/v2\/types\/post"}],"author":[{"embeddable":true,"href":"http:\/\/enteculturalsantafesino.com.ar\/usina1\/wp-json\/wp\/v2\/users\/3"}],"replies":[{"embeddable":true,"href":"http:\/\/enteculturalsantafesino.com.ar\/usina1\/wp-json\/wp\/v2\/comments?post=13231"}],"version-history":[{"count":0,"href":"http:\/\/enteculturalsantafesino.com.ar\/usina1\/wp-json\/wp\/v2\/posts\/13231\/revisions"}],"wp:featuredmedia":[{"embeddable":true,"href":"http:\/\/enteculturalsantafesino.com.ar\/usina1\/wp-json\/wp\/v2\/media\/13233"}],"wp:attachment":[{"href":"http:\/\/enteculturalsantafesino.com.ar\/usina1\/wp-json\/wp\/v2\/media?parent=13231"}],"wp:term":[{"taxonomy":"category","embeddable":true,"href":"http:\/\/enteculturalsantafesino.com.ar\/usina1\/wp-json\/wp\/v2\/categories?post=13231"},{"taxonomy":"post_tag","embeddable":true,"href":"http:\/\/enteculturalsantafesino.com.ar\/usina1\/wp-json\/wp\/v2\/tags?post=13231"}],"curies":[{"name":"wp","href":"https:\/\/api.w.org\/{rel}","templated":true}]}}