{"id":13235,"date":"2014-06-24T13:51:41","date_gmt":"2014-06-24T13:51:41","guid":{"rendered":"http:\/\/entecultura.com.ar\/usina1\/?p=13235"},"modified":"2014-06-24T13:51:41","modified_gmt":"2014-06-24T13:51:41","slug":"canada-de-gomez-gustavo-patino-brillo-en-la-casa-del-bicentenario","status":"publish","type":"post","link":"http:\/\/enteculturalsantafesino.com.ar\/usina1\/2014\/06\/canada-de-gomez-gustavo-patino-brillo-en-la-casa-del-bicentenario\/","title":{"rendered":"Ca\u00f1ada de G\u00f3mez: Gustavo Pati\u00f1o brill\u00f3 en la Casa del Bicentenario"},"content":{"rendered":"<p>De la mano del municipio, el m\u00fasico volvi\u00f3 a Ca\u00f1ada de G\u00f3mez<a href=\"http:\/\/enteculturalsantafesino.com.ar\/usina1\/wp-content\/uploads\/2014\/06\/10514610_708845299174268_1739208538627965671_n.jpg\" rel=\"lightbox[13235]\"><img loading=\"lazy\" decoding=\"async\" class=\"alignright size-medium wp-image-13236\" src=\"http:\/\/enteculturalsantafesino.com.ar\/usina1\/wp-content\/uploads\/2014\/06\/10514610_708845299174268_1739208538627965671_n-300x180.jpg\" alt=\"10514610_708845299174268_1739208538627965671_n\" width=\"300\" height=\"180\" srcset=\"http:\/\/enteculturalsantafesino.com.ar\/usina1\/wp-content\/uploads\/2014\/06\/10514610_708845299174268_1739208538627965671_n-300x180.jpg 300w, http:\/\/enteculturalsantafesino.com.ar\/usina1\/wp-content\/uploads\/2014\/06\/10514610_708845299174268_1739208538627965671_n.jpg 480w\" sizes=\"(max-width: 300px) 100vw, 300px\" \/><\/a><\/p>\n<p>con un espect\u00e1culo unipersonal destinado en esta oportunidad a los ni\u00f1os.<\/p>\n<p><span data-ft=\"{&quot;tn&quot;:&quot;K&quot;}\" data-reactid=\".15l.1:3:1:$comment708845299174268_708845372507594:0.0.$right.0.$left.0.0.1:$comment-body\"><span class=\"UFICommentBody\" data-reactid=\".15l.1:3:1:$comment708845299174268_708845372507594:0.0.$right.0.$left.0.0.1:$comment-body.0\"><span data-reactid=\".15l.1:3:1:$comment708845299174268_708845372507594:0.0.$right.0.$left.0.0.1:$comment-body.0.0\"><span data-reactid=\".15l.1:3:1:$comment708845299174268_708845372507594:0.0.$right.0.$left.0.0.1:$comment-body.0.0.$end:0:$0:0\">\u00abLa ventana\u00bb propone un amplio recorrido por el mundo de la m\u00fasica tradicional argentina en un viaje por diferentes lugares del pa\u00eds. As\u00ed Gustavo fue compartiendo con los chicos que estuvieron en Casa del Bicentenario canciones, instrumentos y la prese<\/span><\/span><span data-reactid=\".15l.1:3:1:$comment708845299174268_708845372507594:0.0.$right.0.$left.0.0.1:$comment-body.0.3\"><span data-reactid=\".15l.1:3:1:$comment708845299174268_708845372507594:0.0.$right.0.$left.0.0.1:$comment-body.0.3.0\"><span data-reactid=\".15l.1:3:1:$comment708845299174268_708845372507594:0.0.$right.0.$left.0.0.1:$comment-body.0.3.0.$end:0:$0:0\">ncia de t\u00edteres y personajes animados que interactuaron con \u00e9l a trav\u00e9s de la pantalla.<\/span><br data-reactid=\".15l.1:3:1:$comment708845299174268_708845372507594:0.0.$right.0.$left.0.0.1:$comment-body.0.3.0.$end:0:$1:0\" \/><br data-reactid=\".15l.1:3:1:$comment708845299174268_708845372507594:0.0.$right.0.$left.0.0.1:$comment-body.0.3.0.$end:0:$3:0\" \/><span data-reactid=\".15l.1:3:1:$comment708845299174268_708845372507594:0.0.$right.0.$left.0.0.1:$comment-body.0.3.0.$end:0:$4:0\">La Secretaria de Educaci\u00f3n, Cultura y Deportes, Raquel Di Paola, destac\u00f3 la importancia de este espect\u00e1culo que cumpli\u00f3 con la funci\u00f3n recreativa y la educativa. \u00abA Gustavo lo conocemos desde hace varios a\u00f1os, particip\u00f3 de los festejos del Centenario de la Patria en 2010 y en 2012 ya vino con su espect\u00e1culo musical\u00bb, expres\u00f3.<\/span><br data-reactid=\".15l.1:3:1:$comment708845299174268_708845372507594:0.0.$right.0.$left.0.0.1:$comment-body.0.3.0.$end:0:$5:0\" \/><br data-reactid=\".15l.1:3:1:$comment708845299174268_708845372507594:0.0.$right.0.$left.0.0.1:$comment-body.0.3.0.$end:0:$7:0\" \/><span data-reactid=\".15l.1:3:1:$comment708845299174268_708845372507594:0.0.$right.0.$left.0.0.1:$comment-body.0.3.0.$end:0:$8:0\">El feriado del 20 de junio sirvi\u00f3 como excusa para que grandes y chicos pasen un momento juntos y en familia. \u00abHoy vine, no solo a acompa\u00f1ar y participar de las acciones culturales del Municipio sino, a acompa\u00f1ar a mi mujer y traer a mi hijo para que conozca de la m\u00fasica folkl\u00f3rica y se divierta con los t\u00edteres que acompa\u00f1an a a Gustavo en este espect\u00e1culo\u00bb, expres\u00f3 el concejal Marcelo Cogno, presente en la sala.<\/span><\/span><\/span><\/span><\/span><\/p>\n","protected":false},"excerpt":{"rendered":"<p>De la mano del municipio, el m\u00fasico volvi\u00f3 a Ca\u00f1ada de G\u00f3mez con un espect\u00e1culo unipersonal destinado [&hellip;]<\/p>\n","protected":false},"author":3,"featured_media":13236,"comment_status":"closed","ping_status":"closed","sticky":false,"template":"","format":"standard","meta":{"_jetpack_memberships_contains_paid_content":false,"footnotes":"","jetpack_publicize_message":"","jetpack_publicize_feature_enabled":true,"jetpack_social_post_already_shared":true,"jetpack_social_options":{"image_generator_settings":{"template":"highway","enabled":false}}},"categories":[11],"tags":[],"jetpack_publicize_connections":[],"jetpack_sharing_enabled":true,"jetpack_featured_media_url":"http:\/\/enteculturalsantafesino.com.ar\/usina1\/wp-content\/uploads\/2014\/06\/10514610_708845299174268_1739208538627965671_n.jpg","_links":{"self":[{"href":"http:\/\/enteculturalsantafesino.com.ar\/usina1\/wp-json\/wp\/v2\/posts\/13235"}],"collection":[{"href":"http:\/\/enteculturalsantafesino.com.ar\/usina1\/wp-json\/wp\/v2\/posts"}],"about":[{"href":"http:\/\/enteculturalsantafesino.com.ar\/usina1\/wp-json\/wp\/v2\/types\/post"}],"author":[{"embeddable":true,"href":"http:\/\/enteculturalsantafesino.com.ar\/usina1\/wp-json\/wp\/v2\/users\/3"}],"replies":[{"embeddable":true,"href":"http:\/\/enteculturalsantafesino.com.ar\/usina1\/wp-json\/wp\/v2\/comments?post=13235"}],"version-history":[{"count":0,"href":"http:\/\/enteculturalsantafesino.com.ar\/usina1\/wp-json\/wp\/v2\/posts\/13235\/revisions"}],"wp:featuredmedia":[{"embeddable":true,"href":"http:\/\/enteculturalsantafesino.com.ar\/usina1\/wp-json\/wp\/v2\/media\/13236"}],"wp:attachment":[{"href":"http:\/\/enteculturalsantafesino.com.ar\/usina1\/wp-json\/wp\/v2\/media?parent=13235"}],"wp:term":[{"taxonomy":"category","embeddable":true,"href":"http:\/\/enteculturalsantafesino.com.ar\/usina1\/wp-json\/wp\/v2\/categories?post=13235"},{"taxonomy":"post_tag","embeddable":true,"href":"http:\/\/enteculturalsantafesino.com.ar\/usina1\/wp-json\/wp\/v2\/tags?post=13235"}],"curies":[{"name":"wp","href":"https:\/\/api.w.org\/{rel}","templated":true}]}}