{"id":13243,"date":"2014-06-25T11:49:22","date_gmt":"2014-06-25T11:49:22","guid":{"rendered":"http:\/\/entecultura.com.ar\/usina1\/?p=13243"},"modified":"2014-06-25T11:49:22","modified_gmt":"2014-06-25T11:49:22","slug":"el-trebol-se-llevo-a-cabo-na-nueva-edicion-de-la-fogarata-de-san-juan","status":"publish","type":"post","link":"http:\/\/enteculturalsantafesino.com.ar\/usina1\/2014\/06\/el-trebol-se-llevo-a-cabo-na-nueva-edicion-de-la-fogarata-de-san-juan\/","title":{"rendered":"El Tr\u00e9bol: Se llev\u00f3 a cabo na nueva edici\u00f3n de la \u00abFogarata de San Juan\u00bb"},"content":{"rendered":"<p>En la tarde-noche de este Martes 24, se llev\u00f3 a cabo<a href=\"http:\/\/enteculturalsantafesino.com.ar\/usina1\/wp-content\/uploads\/2014\/06\/fogarata-de-san-juan-2.jpg\" rel=\"lightbox[13243]\"><img loading=\"lazy\" decoding=\"async\" class=\"alignright size-medium wp-image-13245\" src=\"http:\/\/enteculturalsantafesino.com.ar\/usina1\/wp-content\/uploads\/2014\/06\/fogarata-de-san-juan-2-300x225.jpg\" alt=\"fogarata-de-san-juan-2\" width=\"300\" height=\"225\" srcset=\"http:\/\/enteculturalsantafesino.com.ar\/usina1\/wp-content\/uploads\/2014\/06\/fogarata-de-san-juan-2-300x225.jpg 300w, http:\/\/enteculturalsantafesino.com.ar\/usina1\/wp-content\/uploads\/2014\/06\/fogarata-de-san-juan-2.jpg 640w\" sizes=\"(max-width: 300px) 100vw, 300px\" \/><\/a><\/p>\n<p>en la ciudad una nueva edici\u00f3n de la <strong>\u201cFogarata de San Juan\u201d<\/strong>.<\/p>\n<p>La misma tuvo lugar en el Predio del Ecol\u00f3gico, frente al \u201cChalecito\u201d y cont\u00f3 con la presencia de todos los alumnos y profesores del Programa Educativo para Adultos Mayores, alumnos y profes del Ballet El Tr\u00e9bol, ni\u00f1os, grandes y p\u00fablico en general.<\/p>\n<p>Los festejos se iniciaron con la presentaci\u00f3n de \u201cLos Primos\u201d, ex \u201cDon Trabuco\u201d, quienes le pusieron el toque musical y la alegr\u00eda al evento.<\/p>\n<p>Tras eso, comenz\u00f3 el desfile de pancartas y mu\u00f1ecos alrededor del fog\u00f3n. El p\u00fablico vot\u00f3 por el mu\u00f1eco que se salvar\u00eda del fuego y el elegido fue el N\u00ba 8, llamado \u201cPilar Psic\u00f3loga\u201d, quien ser\u00e1 la mascota durante todo este a\u00f1o y abrir\u00e1 el desfile de la pr\u00f3xima Fogata en 2015.<\/p>\n<p>Minutos m\u00e1s tarde, todo se arroj\u00f3 al fog\u00f3n y las llamas se adue\u00f1aron del predio, para sacar, expulsar y alejar todo lo malo, mientras una <a href=\"http:\/\/enteculturalsantafesino.com.ar\/usina1\/wp-content\/uploads\/2014\/06\/fogarata-de-san-juan-9.jpg\" rel=\"lightbox[13243]\"><img loading=\"lazy\" decoding=\"async\" class=\"alignright size-medium wp-image-13246\" src=\"http:\/\/enteculturalsantafesino.com.ar\/usina1\/wp-content\/uploads\/2014\/06\/fogarata-de-san-juan-9-300x225.jpg\" alt=\"fogarata-de-san-juan-9\" width=\"300\" height=\"225\" srcset=\"http:\/\/enteculturalsantafesino.com.ar\/usina1\/wp-content\/uploads\/2014\/06\/fogarata-de-san-juan-9-300x225.jpg 300w, http:\/\/enteculturalsantafesino.com.ar\/usina1\/wp-content\/uploads\/2014\/06\/fogarata-de-san-juan-9.jpg 640w\" sizes=\"(max-width: 300px) 100vw, 300px\" \/><\/a>rueda plagada de ni\u00f1os, adolescentes, adultos y adultos mayores bailaba y cantaba repleta de felicidad y sonrisas.<\/p>\n<p>Mientras el fuego ard\u00eda, los m\u00fasicos oriundos de San Genaro y Centeno interpretaron junto a la gente, para darle cierre a la celebraci\u00f3n, temas t\u00edpicos de esta conmemoraci\u00f3n de San Juan como \u201cAserr\u00edn Aserr\u00e1n\u201d y \u201cLa Farolera\u201d, entre otros.<\/p>\n<p>Se hizo presente en la fiesta una de las Coordinadoras del PEAM, Graciela Pons, quien manifest\u00f3: \u201cEl tema del fr\u00edo no era un inconveniente porque hemos tenido multitudes en d\u00edas de mucho m\u00e1s fr\u00edo que el de hoy. Lo que s\u00ed tal vez nos generaba cierta incertidumbre era el hecho de que sea Martes, pero gracias a Dios la gente nos ha acompa\u00f1ado como siempre y todo ha salido de maravillas\u201d.<\/p>\n<p>Adem\u00e1s, a\u00f1adi\u00f3: \u201cRealmente estoy muy feliz. Esto no significa simplemente prender un fuego y juntar gente. Esta es una ceremonia ancestral que se realiza en much\u00edsimas partes del mundo, en la que se prende fuego en la noche m\u00e1s larga y el d\u00eda m\u00e1s corto del a\u00f1o, <a href=\"http:\/\/enteculturalsantafesino.com.ar\/usina1\/wp-content\/uploads\/2014\/06\/fogarata-de-san-juan-4.jpg\" rel=\"lightbox[13243]\"><img loading=\"lazy\" decoding=\"async\" class=\"alignright size-medium wp-image-13244\" src=\"http:\/\/enteculturalsantafesino.com.ar\/usina1\/wp-content\/uploads\/2014\/06\/fogarata-de-san-juan-4-300x225.jpg\" alt=\"fogarata-de-san-juan-4\" width=\"300\" height=\"225\" srcset=\"http:\/\/enteculturalsantafesino.com.ar\/usina1\/wp-content\/uploads\/2014\/06\/fogarata-de-san-juan-4-300x225.jpg 300w, http:\/\/enteculturalsantafesino.com.ar\/usina1\/wp-content\/uploads\/2014\/06\/fogarata-de-san-juan-4.jpg 640w\" sizes=\"(max-width: 300px) 100vw, 300px\" \/><\/a>cuando empieza el Invierno. Tiene que ver con pedirle al fuego que le de energ\u00edas al sol para todo el a\u00f1o. Esto se hac\u00eda en las chacras de nuestra regi\u00f3n cuando todas nuestras alumnas del PEAM eran chicas. Se dej\u00f3 de hacer durante la d\u00e9cada del 70 cuando las cuestiones populares y masivas estaban restringidas y se perdi\u00f3 en el tiempo. Hace 8 a\u00f1os, en las ruedas de oralidad del Taller de Identidad Cultural y Folklore, hemos escuchado a nuestras personas mayores diciendo que ser\u00eda muy lindo hacer la \u201cFogata de San Juan\u201d en El Tr\u00e9bol. Fue en 2007 que hicimos la primera y as\u00ed continuamos hasta hoy, teniendo m\u00e1s cantidad de gente con el paso de los a\u00f1os\u201d.<\/p>\n<p>Para cerrar, Pons expres\u00f3: \u201cChicos y grandes llegan con pancartas, papelitos con deseos o una ramita de romero en la mano, ya que dicen que con el romero se quema lo fiero, y todo ese tipo de creencias populares que creo que, aunque Graciela no est\u00e9 m\u00e1s en alg\u00fan momento, El Tr\u00e9bol va a seguir celebrando \u201cSan Juan\u201d con su Fogata\u201d.<\/p>\n<p><em><strong>fuente:\u00a0www.radioeltrebol.com.ar<\/strong><\/em><\/p>\n","protected":false},"excerpt":{"rendered":"<p>En la tarde-noche de este Martes 24, se llev\u00f3 a cabo en la ciudad una nueva edici\u00f3n [&hellip;]<\/p>\n","protected":false},"author":3,"featured_media":13245,"comment_status":"closed","ping_status":"closed","sticky":false,"template":"","format":"standard","meta":{"_jetpack_memberships_contains_paid_content":false,"footnotes":"","jetpack_publicize_message":"","jetpack_publicize_feature_enabled":true,"jetpack_social_post_already_shared":true,"jetpack_social_options":{"image_generator_settings":{"template":"highway","enabled":false}}},"categories":[18],"tags":[],"jetpack_publicize_connections":[],"jetpack_sharing_enabled":true,"jetpack_featured_media_url":"http:\/\/enteculturalsantafesino.com.ar\/usina1\/wp-content\/uploads\/2014\/06\/fogarata-de-san-juan-2.jpg","_links":{"self":[{"href":"http:\/\/enteculturalsantafesino.com.ar\/usina1\/wp-json\/wp\/v2\/posts\/13243"}],"collection":[{"href":"http:\/\/enteculturalsantafesino.com.ar\/usina1\/wp-json\/wp\/v2\/posts"}],"about":[{"href":"http:\/\/enteculturalsantafesino.com.ar\/usina1\/wp-json\/wp\/v2\/types\/post"}],"author":[{"embeddable":true,"href":"http:\/\/enteculturalsantafesino.com.ar\/usina1\/wp-json\/wp\/v2\/users\/3"}],"replies":[{"embeddable":true,"href":"http:\/\/enteculturalsantafesino.com.ar\/usina1\/wp-json\/wp\/v2\/comments?post=13243"}],"version-history":[{"count":0,"href":"http:\/\/enteculturalsantafesino.com.ar\/usina1\/wp-json\/wp\/v2\/posts\/13243\/revisions"}],"wp:featuredmedia":[{"embeddable":true,"href":"http:\/\/enteculturalsantafesino.com.ar\/usina1\/wp-json\/wp\/v2\/media\/13245"}],"wp:attachment":[{"href":"http:\/\/enteculturalsantafesino.com.ar\/usina1\/wp-json\/wp\/v2\/media?parent=13243"}],"wp:term":[{"taxonomy":"category","embeddable":true,"href":"http:\/\/enteculturalsantafesino.com.ar\/usina1\/wp-json\/wp\/v2\/categories?post=13243"},{"taxonomy":"post_tag","embeddable":true,"href":"http:\/\/enteculturalsantafesino.com.ar\/usina1\/wp-json\/wp\/v2\/tags?post=13243"}],"curies":[{"name":"wp","href":"https:\/\/api.w.org\/{rel}","templated":true}]}}