{"id":1332,"date":"2011-10-31T21:15:23","date_gmt":"2011-10-31T21:15:23","guid":{"rendered":"http:\/\/entecultura.com.ar\/noticias\/?p=1332"},"modified":"2011-10-31T21:15:23","modified_gmt":"2011-10-31T21:15:23","slug":"el-ente-de-cultura-presento-el-cd-de-familiarte","status":"publish","type":"post","link":"http:\/\/enteculturalsantafesino.com.ar\/usina1\/2011\/10\/el-ente-de-cultura-presento-el-cd-de-familiarte\/","title":{"rendered":"EL ENTE DE CULTURA PRESENT\u00d3 EL CD DE FAMILIARTE"},"content":{"rendered":"<p>Durante el \u00faltimo encuentro del <strong>Ente Regional de Cultura<\/strong> se pudo disfrutar y distribuir a los adherentes de dicho organismo la producci\u00f3n discogr\u00e1fica lograda durante la instancia final del concurso <strong>Familiarte<\/strong> llevada a cabo en la localidad de Carlos Pellegrini. De dicha jornada la familia Amaya de Las Rosas fueron los ganadores y la familia Cort\u00e9z recibi\u00f3 el segundo puesto. Dicha obra puede ser escuchada desde <a href=\"http:\/\/www.enteculturalsantafesino.com.ar\/familiarte\">www.enteculturalsantafesino.com.ar\/familiarte<\/a>. Las Familias que componen este material son Marinelli (El Tr\u00e9bol), Amaya (Las Rosas), Acosta (C. Pellegrini), Cort\u00e9z (M. Juana), Duarte (C. Pellegrini), Montiel (San Vicente),Mader\u00f3n -Medina (Las Rosas).-<\/p>\n","protected":false},"excerpt":{"rendered":"<p>Durante el \u00faltimo encuentro del Ente Regional de Cultura se pudo disfrutar y distribuir a los adherentes [&hellip;]<\/p>\n","protected":false},"author":3,"featured_media":0,"comment_status":"open","ping_status":"open","sticky":false,"template":"","format":"standard","meta":{"_jetpack_memberships_contains_paid_content":false,"footnotes":"","jetpack_publicize_message":"","jetpack_publicize_feature_enabled":true,"jetpack_social_post_already_shared":false,"jetpack_social_options":{"image_generator_settings":{"template":"highway","enabled":false}}},"categories":[1],"tags":[],"jetpack_publicize_connections":[],"jetpack_sharing_enabled":true,"jetpack_featured_media_url":"","_links":{"self":[{"href":"http:\/\/enteculturalsantafesino.com.ar\/usina1\/wp-json\/wp\/v2\/posts\/1332"}],"collection":[{"href":"http:\/\/enteculturalsantafesino.com.ar\/usina1\/wp-json\/wp\/v2\/posts"}],"about":[{"href":"http:\/\/enteculturalsantafesino.com.ar\/usina1\/wp-json\/wp\/v2\/types\/post"}],"author":[{"embeddable":true,"href":"http:\/\/enteculturalsantafesino.com.ar\/usina1\/wp-json\/wp\/v2\/users\/3"}],"replies":[{"embeddable":true,"href":"http:\/\/enteculturalsantafesino.com.ar\/usina1\/wp-json\/wp\/v2\/comments?post=1332"}],"version-history":[{"count":0,"href":"http:\/\/enteculturalsantafesino.com.ar\/usina1\/wp-json\/wp\/v2\/posts\/1332\/revisions"}],"wp:attachment":[{"href":"http:\/\/enteculturalsantafesino.com.ar\/usina1\/wp-json\/wp\/v2\/media?parent=1332"}],"wp:term":[{"taxonomy":"category","embeddable":true,"href":"http:\/\/enteculturalsantafesino.com.ar\/usina1\/wp-json\/wp\/v2\/categories?post=1332"},{"taxonomy":"post_tag","embeddable":true,"href":"http:\/\/enteculturalsantafesino.com.ar\/usina1\/wp-json\/wp\/v2\/tags?post=1332"}],"curies":[{"name":"wp","href":"https:\/\/api.w.org\/{rel}","templated":true}]}}